{"id":17154,"date":"2018-05-11T13:37:17","date_gmt":"2018-05-11T13:37:17","guid":{"rendered":"https:\/\/armstrongyregion.com.ar\/diario\/?p=17154"},"modified":"2018-05-11T13:37:17","modified_gmt":"2018-05-11T13:37:17","slug":"cornaglia-pidio-a-la-provincia-que-gestione-la-presencia-de-gendarmeria-nacional-en-el-departamento-belgrano","status":"publish","type":"post","link":"https:\/\/armstrongyregion.com.ar\/diario\/cornaglia-pidio-a-la-provincia-que-gestione-la-presencia-de-gendarmeria-nacional-en-el-departamento-belgrano\/","title":{"rendered":"Cornaglia pidi\u00f3 a la Provincia que gestione la presencia de Gendarmer\u00eda Nacional en el departamento Belgrano."},"content":{"rendered":"<p><a href=\"http:\/\/armstrongyregion.com.ar\/diario\/wp-content\/uploads\/2018\/05\/Cornaglia-camara-.jpg\"><img loading=\"lazy\" decoding=\"async\" src=\"http:\/\/armstrongyregion.com.ar\/diario\/wp-content\/uploads\/2018\/05\/Cornaglia-camara-.jpg\" alt=\"Cornaglia-camara-\" width=\"768\" height=\"510\" class=\"alignnone size-full wp-image-17155\" srcset=\"https:\/\/armstrongyregion.com.ar\/diario\/wp-content\/uploads\/2018\/05\/Cornaglia-camara-.jpg 768w, https:\/\/armstrongyregion.com.ar\/diario\/wp-content\/uploads\/2018\/05\/Cornaglia-camara--300x199.jpg 300w\" sizes=\"auto, (max-width: 768px) 100vw, 768px\" \/><\/a>El senador provincial por el departamento Belgrano, Guillermo Cornaglia, present\u00f3 en la C\u00e1mara de Senadores de Santa Fe un proyecto de comunicaci\u00f3n con el objetivo de que el Poder Ejecutivo Provincial realice las gestiones pertinentes ante el Gobierno Nacional para que fuerzas federales de seguridad arriben al departamento Belgrano. El anuncio se hizo durante la sesi\u00f3n realizada el jueves 10 de mayo, y se fundament\u00f3 en la necesidad de articular acciones para bajar los \u00edndices de delito que aquejan a la regi\u00f3n.<\/p>\n<p>\u201cDe esta manera traigo un poco la preocupaci\u00f3n que existe en materia de seguridad en el departamento Belgrano y que se manifest\u00f3 a trav\u00e9s de movilizaciones en cuatro de las cinco localidades\u201d, argument\u00f3 Cornaglia en su exposici\u00f3n, y agreg\u00f3 que los intendentes y presidentes comunales tambi\u00e9n hacen este pedido para que desembarque Gendarmer\u00eda Nacional y trabaje en conjunto con la polic\u00eda de la provincia.<\/p>\n<p>Adem\u00e1s, Cornaglia hizo menci\u00f3n al problema del narcotr\u00e1fico como un flagelo que preocupa cada vez en mayor medida y pidi\u00f3 nuevamente a los gobiernos nacional y provincial que se pongan de acuerdo y se pueda trabajar en conjunto en el tema de la seguridad. \u201cTodos aquellos que tenemos una responsabilidad y hemos sido elegidos por la gente debemos ponernos de acuerdo para solucionar los problemas y defender los derechos de cada uno de los ciudadanos\u201d, finaliz\u00f3 el senador por el departamento Belgrano.<\/p>\n","protected":false},"excerpt":{"rendered":"<p>El senador provincial por el departamento Belgrano, Guillermo Cornaglia, present\u00f3 en la C\u00e1mara de Senadores de Santa Fe un proyecto de comunicaci\u00f3n con el objetivo de que el Poder Ejecutivo Provincial realice las gestiones pertinentes ante el Gobierno Nacional para que fuerzas federales de seguridad arriben al departamento Belgrano. El anuncio se hizo durante la <a href=\"https:\/\/armstrongyregion.com.ar\/diario\/cornaglia-pidio-a-la-provincia-que-gestione-la-presencia-de-gendarmeria-nacional-en-el-departamento-belgrano\/\" title=\"Read more\" >&#8230;<\/a><\/p>\n","protected":false},"author":1,"featured_media":17155,"comment_status":"open","ping_status":"open","sticky":false,"template":"","format":"standard","meta":{"_jetpack_memberships_contains_paid_content":false,"footnotes":"","jetpack_publicize_message":"","jetpack_publicize_feature_enabled":true,"jetpack_social_post_already_shared":false,"jetpack_social_options":{"image_generator_settings":{"template":"highway","default_image_id":0,"enabled":false},"version":2}},"categories":[8,1,2,7,3],"tags":[6692],"class_list":["post-17154","post","type-post","status-publish","format-standard","has-post-thumbnail","hentry","category-deliberando","category-diario-armstrong","category-locales","category-politica","category-region","tag-cornaglia-pidio-a-la-provincia-que-gestione-la-presencia-de-gendarmeria-nacional-en-el-departamento-belgrano"],"jetpack_publicize_connections":[],"jetpack_featured_media_url":"https:\/\/armstrongyregion.com.ar\/diario\/wp-content\/uploads\/2018\/05\/Cornaglia-camara-.jpg","jetpack_shortlink":"https:\/\/wp.me\/p62QDO-4sG","jetpack_sharing_enabled":true,"amp_enabled":true,"_links":{"self":[{"href":"https:\/\/armstrongyregion.com.ar\/diario\/wp-json\/wp\/v2\/posts\/17154","targetHints":{"allow":["GET"]}}],"collection":[{"href":"https:\/\/armstrongyregion.com.ar\/diario\/wp-json\/wp\/v2\/posts"}],"about":[{"href":"https:\/\/armstrongyregion.com.ar\/diario\/wp-json\/wp\/v2\/types\/post"}],"author":[{"embeddable":true,"href":"https:\/\/armstrongyregion.com.ar\/diario\/wp-json\/wp\/v2\/users\/1"}],"replies":[{"embeddable":true,"href":"https:\/\/armstrongyregion.com.ar\/diario\/wp-json\/wp\/v2\/comments?post=17154"}],"version-history":[{"count":0,"href":"https:\/\/armstrongyregion.com.ar\/diario\/wp-json\/wp\/v2\/posts\/17154\/revisions"}],"wp:featuredmedia":[{"embeddable":true,"href":"https:\/\/armstrongyregion.com.ar\/diario\/wp-json\/wp\/v2\/media\/17155"}],"wp:attachment":[{"href":"https:\/\/armstrongyregion.com.ar\/diario\/wp-json\/wp\/v2\/media?parent=17154"}],"wp:term":[{"taxonomy":"category","embeddable":true,"href":"https:\/\/armstrongyregion.com.ar\/diario\/wp-json\/wp\/v2\/categories?post=17154"},{"taxonomy":"post_tag","embeddable":true,"href":"https:\/\/armstrongyregion.com.ar\/diario\/wp-json\/wp\/v2\/tags?post=17154"}],"curies":[{"name":"wp","href":"https:\/\/api.w.org\/{rel}","templated":true}]}}