{"id":17138,"date":"2018-05-09T23:05:07","date_gmt":"2018-05-09T23:05:07","guid":{"rendered":"https:\/\/armstrongyregion.com.ar\/diario\/?p=17138"},"modified":"2018-05-09T23:05:07","modified_gmt":"2018-05-09T23:05:07","slug":"fischer-que-espera-el-intendente-para-arreglar-las-calles","status":"publish","type":"post","link":"https:\/\/armstrongyregion.com.ar\/diario\/fischer-que-espera-el-intendente-para-arreglar-las-calles\/","title":{"rendered":"Fischer: \u201cQue espera el intendente para arreglar las calles?\u201d."},"content":{"rendered":"<p><a href=\"http:\/\/armstrongyregion.com.ar\/diario\/wp-content\/uploads\/2018\/05\/calles-3-P-J-.jpg\"><img loading=\"lazy\" decoding=\"async\" src=\"http:\/\/armstrongyregion.com.ar\/diario\/wp-content\/uploads\/2018\/05\/calles-3-P-J--1024x768.jpg\" alt=\"calles-3-P-J-\" width=\"800\" height=\"600\" class=\"alignnone size-large wp-image-17139\" srcset=\"https:\/\/armstrongyregion.com.ar\/diario\/wp-content\/uploads\/2018\/05\/calles-3-P-J--1024x768.jpg 1024w, https:\/\/armstrongyregion.com.ar\/diario\/wp-content\/uploads\/2018\/05\/calles-3-P-J--300x225.jpg 300w, https:\/\/armstrongyregion.com.ar\/diario\/wp-content\/uploads\/2018\/05\/calles-3-P-J-.jpg 1280w\" sizes=\"auto, (max-width: 800px) 100vw, 800px\" \/><\/a>En la sesi\u00f3n del d\u00eda Martes, el Bloque Justicialista (Fischer-Marconi) present\u00f3 un pedido al Ejecutivo Municipal para el arreglo de las calles del Bv. Villa Mar\u00eda de nuestra ciudad. \u201cEste es un pedido que ya se hizo anteriormente desde el Concejo, y lo volvimos a presentar a ra\u00edz del reclamo constante de los vecinos que viven sobre el Boulevard, de punta a punta, por la imposibilidad de transitar, especialmente los d\u00edas de lluvia, debido a los pozos, el barro y la acumulaci\u00f3n de agua presentes en esas calles\u201d expres\u00f3 el Concejal Marconi.<br \/>\n<a href=\"http:\/\/armstrongyregion.com.ar\/diario\/wp-content\/uploads\/2018\/05\/Calles-1-P-J.jpg\"><img loading=\"lazy\" decoding=\"async\" src=\"http:\/\/armstrongyregion.com.ar\/diario\/wp-content\/uploads\/2018\/05\/Calles-1-P-J.jpg\" alt=\"Calles-1-P-J\" width=\"768\" height=\"576\" class=\"alignnone size-full wp-image-17140\" srcset=\"https:\/\/armstrongyregion.com.ar\/diario\/wp-content\/uploads\/2018\/05\/Calles-1-P-J.jpg 768w, https:\/\/armstrongyregion.com.ar\/diario\/wp-content\/uploads\/2018\/05\/Calles-1-P-J-300x225.jpg 300w\" sizes=\"auto, (max-width: 768px) 100vw, 768px\" \/><\/a>\u201cF\u00edjese que el problema de las calles en mal estado es de tal magnitud que est\u00e1 en toda la ciudad, sean de tierra o no, sea un barrio u otro, porque no es casualidad que los tres bloques en esta sesi\u00f3n hayamos presentado pedidos distintos pero todos sobre arreglos de las calles\u201d agreg\u00f3 el Presidente del Concejo Augusto Fischer.<br \/>\nDicho Bloque adem\u00e1s, acompa\u00f1\u00f3 la modificaci\u00f3n a la ordenanza sobre espect\u00e1culos p\u00fablicos, que finalmente fue aprobada por la unanimidad de los Concejales.<\/p>\n","protected":false},"excerpt":{"rendered":"<p>En la sesi\u00f3n del d\u00eda Martes, el Bloque Justicialista (Fischer-Marconi) present\u00f3 un pedido al Ejecutivo Municipal para el arreglo de las calles del Bv. Villa Mar\u00eda de nuestra ciudad. \u201cEste es un pedido que ya se hizo anteriormente desde el Concejo, y lo volvimos a presentar a ra\u00edz del reclamo constante de los vecinos que <a href=\"https:\/\/armstrongyregion.com.ar\/diario\/fischer-que-espera-el-intendente-para-arreglar-las-calles\/\" title=\"Read more\" >&#8230;<\/a><\/p>\n","protected":false},"author":1,"featured_media":17139,"comment_status":"open","ping_status":"open","sticky":false,"template":"","format":"standard","meta":{"_jetpack_memberships_contains_paid_content":false,"footnotes":"","jetpack_publicize_message":"","jetpack_publicize_feature_enabled":true,"jetpack_social_post_already_shared":false,"jetpack_social_options":{"image_generator_settings":{"template":"highway","default_image_id":0,"enabled":false},"version":2}},"categories":[8,1,2,3],"tags":[6687],"class_list":["post-17138","post","type-post","status-publish","format-standard","has-post-thumbnail","hentry","category-deliberando","category-diario-armstrong","category-locales","category-region","tag-fischer-que-espera-el-intendente-para-arreglar-las-calles"],"jetpack_publicize_connections":[],"jetpack_featured_media_url":"https:\/\/armstrongyregion.com.ar\/diario\/wp-content\/uploads\/2018\/05\/calles-3-P-J-.jpg","jetpack_shortlink":"https:\/\/wp.me\/p62QDO-4sq","jetpack_sharing_enabled":true,"amp_enabled":true,"_links":{"self":[{"href":"https:\/\/armstrongyregion.com.ar\/diario\/wp-json\/wp\/v2\/posts\/17138","targetHints":{"allow":["GET"]}}],"collection":[{"href":"https:\/\/armstrongyregion.com.ar\/diario\/wp-json\/wp\/v2\/posts"}],"about":[{"href":"https:\/\/armstrongyregion.com.ar\/diario\/wp-json\/wp\/v2\/types\/post"}],"author":[{"embeddable":true,"href":"https:\/\/armstrongyregion.com.ar\/diario\/wp-json\/wp\/v2\/users\/1"}],"replies":[{"embeddable":true,"href":"https:\/\/armstrongyregion.com.ar\/diario\/wp-json\/wp\/v2\/comments?post=17138"}],"version-history":[{"count":0,"href":"https:\/\/armstrongyregion.com.ar\/diario\/wp-json\/wp\/v2\/posts\/17138\/revisions"}],"wp:featuredmedia":[{"embeddable":true,"href":"https:\/\/armstrongyregion.com.ar\/diario\/wp-json\/wp\/v2\/media\/17139"}],"wp:attachment":[{"href":"https:\/\/armstrongyregion.com.ar\/diario\/wp-json\/wp\/v2\/media?parent=17138"}],"wp:term":[{"taxonomy":"category","embeddable":true,"href":"https:\/\/armstrongyregion.com.ar\/diario\/wp-json\/wp\/v2\/categories?post=17138"},{"taxonomy":"post_tag","embeddable":true,"href":"https:\/\/armstrongyregion.com.ar\/diario\/wp-json\/wp\/v2\/tags?post=17138"}],"curies":[{"name":"wp","href":"https:\/\/api.w.org\/{rel}","templated":true}]}}