{"id":17135,"date":"2018-05-09T20:27:01","date_gmt":"2018-05-09T20:27:01","guid":{"rendered":"https:\/\/armstrongyregion.com.ar\/diario\/?p=17135"},"modified":"2018-05-09T20:27:01","modified_gmt":"2018-05-09T20:27:01","slug":"el-diputado-miguel-solis-presento-proyectos-de-ley","status":"publish","type":"post","link":"https:\/\/armstrongyregion.com.ar\/diario\/el-diputado-miguel-solis-presento-proyectos-de-ley\/","title":{"rendered":"El Diputado Miguel Sol\u00eds present\u00f3 Proyectos de Ley."},"content":{"rendered":"<p><a href=\"http:\/\/armstrongyregion.com.ar\/diario\/wp-content\/uploads\/2018\/05\/Solis-P.Ley_.jpg\"><img loading=\"lazy\" decoding=\"async\" src=\"http:\/\/armstrongyregion.com.ar\/diario\/wp-content\/uploads\/2018\/05\/Solis-P.Ley_.jpg\" alt=\"Solis-P.Ley\" width=\"768\" height=\"455\" class=\"alignnone size-full wp-image-17136\" srcset=\"https:\/\/armstrongyregion.com.ar\/diario\/wp-content\/uploads\/2018\/05\/Solis-P.Ley_.jpg 768w, https:\/\/armstrongyregion.com.ar\/diario\/wp-content\/uploads\/2018\/05\/Solis-P.Ley_-300x178.jpg 300w\" sizes=\"auto, (max-width: 768px) 100vw, 768px\" \/><\/a> En la sesi\u00f3n ordinaria del  jueves 3 de mayo de la C\u00e1mara de Diputados, el legislador socialista present\u00f3 en el recinto dos proyectos de su autor\u00eda, avalados por varios de sus pares.<\/p>\n<p>    Uno de los proyectos de Ley propone la creaci\u00f3n de un Colegio \u00danico de Profesionales Licenciados  y T\u00e9cnicos de la Higiene y Seguridad en el Trabajo, que unificar\u00e1 los criterios de procedimiento,  actualmente distorsionados por las diversas opciones de colegiaturas, tales como el de maestros mayor de obras, el de ingenieros agr\u00f3nomos y en su mayor\u00eda dentro del Colegio de Ingenieros Especialistas. <\/p>\n<p>     La iniciativa facilitar\u00e1 la tarea profesional y lo solicitado por las \u00e1reas de Seguridad y Salud Ocupacional del M.T.y S.S. de la Provincia de Santa Fe, de la Superintendencia de Riesgos del Trabajo, y de las Aseguradoras de Riesgos del Trabajo y dem\u00e1s organismos que dependan de esta especialidad.<\/p>\n<p>     Hoy se estima que la Provincia de Santa Fe alberga a unos 3.500 T\u00e9cnicos y Licenciados en Salud y Seguridad laboral, profesi\u00f3n de suma importancia para prevenir accidentes y enfermedades profesionales, m\u00e1xime en una Provincia que trabaja profundamente por la generaci\u00f3n de una verdadera cultura de prevenci\u00f3n.<\/p>\n<p>      En ese sentido, la Provincia de Santa Fe es pionera a nivel nacional con la creaci\u00f3n de los Comit\u00e9s de Salud y Seguridad laboral desde el a\u00f1o 2008 cuando se aprob\u00f3 y promulgo la ley 12,913 y sus decretos reglamentarios.<\/p>\n<p>RECONOCIMIENTO A LOS RADIOLOGOS PROVINCIALES<\/p>\n<p>      El segundo proyecto de Ley propone que los profesionales Licenciados en Producci\u00f3n de Bioim\u00e1genes con t\u00edtulo universitario sean comprendidos dentro de la ley Provincial N\u00ba 9282 que regula el \u201cEstatuto y Escalaf\u00f3n para los Profesionales Universitarios de la Sanidad\u201d.<\/p>\n<p>      Las especialidades contempladas son las de radiodiagn\u00f3stico, ecograf\u00eda, radiois\u00f3topos, electrocardiogramas, electroencefalogramas, resonancias magn\u00e9ticas, nuclear, retinofluorescinograf\u00eda, tomograf\u00eda, electromiograf\u00eda, xerograf\u00eda, infrarojograf\u00eda.<\/p>\n<p>    Con este proyecto de Ley se pretende el reconocimiento e incorporaci\u00f3n al Estatuto y Escalaf\u00f3n de los Profesionales Universitarios de la Sanidad a los \u201cLicenciados en Producci\u00f3n de Im\u00e1genes\u201d conocidos como radi\u00f3logos,  quienes integran los equipos de salud p\u00fablica de nuestra Provincia.<\/p>\n","protected":false},"excerpt":{"rendered":"<p>En la sesi\u00f3n ordinaria del jueves 3 de mayo de la C\u00e1mara de Diputados, el legislador socialista present\u00f3 en el recinto dos proyectos de su autor\u00eda, avalados por varios de sus pares. Uno de los proyectos de Ley propone la creaci\u00f3n de un Colegio \u00danico de Profesionales Licenciados y T\u00e9cnicos de la Higiene y Seguridad <a href=\"https:\/\/armstrongyregion.com.ar\/diario\/el-diputado-miguel-solis-presento-proyectos-de-ley\/\" title=\"Read more\" >&#8230;<\/a><\/p>\n","protected":false},"author":1,"featured_media":17136,"comment_status":"open","ping_status":"open","sticky":false,"template":"","format":"standard","meta":{"_jetpack_memberships_contains_paid_content":false,"footnotes":"","jetpack_publicize_message":"","jetpack_publicize_feature_enabled":true,"jetpack_social_post_already_shared":false,"jetpack_social_options":{"image_generator_settings":{"template":"highway","default_image_id":0,"enabled":false},"version":2}},"categories":[1,2,7,3],"tags":[6686],"class_list":["post-17135","post","type-post","status-publish","format-standard","has-post-thumbnail","hentry","category-diario-armstrong","category-locales","category-politica","category-region","tag-el-diputado-miguel-solis-presento-proyectos-de-ley"],"jetpack_publicize_connections":[],"jetpack_featured_media_url":"https:\/\/armstrongyregion.com.ar\/diario\/wp-content\/uploads\/2018\/05\/Solis-P.Ley_.jpg","jetpack_shortlink":"https:\/\/wp.me\/p62QDO-4sn","jetpack_sharing_enabled":true,"amp_enabled":true,"_links":{"self":[{"href":"https:\/\/armstrongyregion.com.ar\/diario\/wp-json\/wp\/v2\/posts\/17135","targetHints":{"allow":["GET"]}}],"collection":[{"href":"https:\/\/armstrongyregion.com.ar\/diario\/wp-json\/wp\/v2\/posts"}],"about":[{"href":"https:\/\/armstrongyregion.com.ar\/diario\/wp-json\/wp\/v2\/types\/post"}],"author":[{"embeddable":true,"href":"https:\/\/armstrongyregion.com.ar\/diario\/wp-json\/wp\/v2\/users\/1"}],"replies":[{"embeddable":true,"href":"https:\/\/armstrongyregion.com.ar\/diario\/wp-json\/wp\/v2\/comments?post=17135"}],"version-history":[{"count":0,"href":"https:\/\/armstrongyregion.com.ar\/diario\/wp-json\/wp\/v2\/posts\/17135\/revisions"}],"wp:featuredmedia":[{"embeddable":true,"href":"https:\/\/armstrongyregion.com.ar\/diario\/wp-json\/wp\/v2\/media\/17136"}],"wp:attachment":[{"href":"https:\/\/armstrongyregion.com.ar\/diario\/wp-json\/wp\/v2\/media?parent=17135"}],"wp:term":[{"taxonomy":"category","embeddable":true,"href":"https:\/\/armstrongyregion.com.ar\/diario\/wp-json\/wp\/v2\/categories?post=17135"},{"taxonomy":"post_tag","embeddable":true,"href":"https:\/\/armstrongyregion.com.ar\/diario\/wp-json\/wp\/v2\/tags?post=17135"}],"curies":[{"name":"wp","href":"https:\/\/api.w.org\/{rel}","templated":true}]}}