{"id":17105,"date":"2018-05-07T13:46:17","date_gmt":"2018-05-07T13:46:17","guid":{"rendered":"https:\/\/armstrongyregion.com.ar\/diario\/?p=17105"},"modified":"2018-05-07T13:46:17","modified_gmt":"2018-05-07T13:46:17","slug":"quedo-inaugurada-la-escuela-de-tenis-adaptado-facundo-bagnis-en-el-club-defensores","status":"publish","type":"post","link":"https:\/\/armstrongyregion.com.ar\/diario\/quedo-inaugurada-la-escuela-de-tenis-adaptado-facundo-bagnis-en-el-club-defensores\/","title":{"rendered":"Quedo inaugurada la Escuela de Tenis Adaptado \u201cFacundo Bagnis en el Club Defensores\u201d."},"content":{"rendered":"<p><a href=\"http:\/\/armstrongyregion.com.ar\/diario\/wp-content\/uploads\/2018\/05\/tenis-adaptado-1.jpg\"><img loading=\"lazy\" decoding=\"async\" src=\"http:\/\/armstrongyregion.com.ar\/diario\/wp-content\/uploads\/2018\/05\/tenis-adaptado-1.jpg\" alt=\"tenis-adaptado-1\" width=\"768\" height=\"576\" class=\"alignnone size-full wp-image-17106\" srcset=\"https:\/\/armstrongyregion.com.ar\/diario\/wp-content\/uploads\/2018\/05\/tenis-adaptado-1.jpg 768w, https:\/\/armstrongyregion.com.ar\/diario\/wp-content\/uploads\/2018\/05\/tenis-adaptado-1-300x225.jpg 300w\" sizes=\"auto, (max-width: 768px) 100vw, 768px\" \/><\/a>Con la presencia de Facundo Bagnis (Jugador Profesional de tenis) y Eduardo Schwank de la Fundacion Estar, quedo conformada esta iniciativa que incluye a ni\u00f1os y j\u00f3venes con capacidades diferentes en la actividad del Tenis.<br \/>\nBagnis expres\u00f3 \u201choy es el primer d\u00eda de much\u00edsimos, ac\u00e1 hay un granito de arena de gente muy considerada, este es un proyecto muy lindo que incluye a todos los chicos realmente este es un sue\u00f1o cumplido\u201d.<\/p>\n","protected":false},"excerpt":{"rendered":"<p>Con la presencia de Facundo Bagnis (Jugador Profesional de tenis) y Eduardo Schwank de la Fundacion Estar, quedo conformada esta iniciativa que incluye a ni\u00f1os y j\u00f3venes con capacidades diferentes en la actividad del Tenis. Bagnis expres\u00f3 \u201choy es el primer d\u00eda de much\u00edsimos, ac\u00e1 hay un granito de arena de gente muy considerada, este <a href=\"https:\/\/armstrongyregion.com.ar\/diario\/quedo-inaugurada-la-escuela-de-tenis-adaptado-facundo-bagnis-en-el-club-defensores\/\" title=\"Read more\" >&#8230;<\/a><\/p>\n","protected":false},"author":1,"featured_media":17106,"comment_status":"open","ping_status":"open","sticky":false,"template":"","format":"standard","meta":{"_jetpack_memberships_contains_paid_content":false,"footnotes":"","jetpack_publicize_message":"","jetpack_publicize_feature_enabled":true,"jetpack_social_post_already_shared":false,"jetpack_social_options":{"image_generator_settings":{"template":"highway","default_image_id":0,"enabled":false},"version":2}},"categories":[5,1,2,3],"tags":[6678],"class_list":["post-17105","post","type-post","status-publish","format-standard","has-post-thumbnail","hentry","category-deportes","category-diario-armstrong","category-locales","category-region","tag-quedo-inaugurada-la-escuela-de-tenis-adaptado-facundo-bagnis-en-el-club-defensores"],"jetpack_publicize_connections":[],"jetpack_featured_media_url":"https:\/\/armstrongyregion.com.ar\/diario\/wp-content\/uploads\/2018\/05\/tenis-adaptado-1.jpg","jetpack_shortlink":"https:\/\/wp.me\/p62QDO-4rT","jetpack_sharing_enabled":true,"amp_enabled":true,"_links":{"self":[{"href":"https:\/\/armstrongyregion.com.ar\/diario\/wp-json\/wp\/v2\/posts\/17105","targetHints":{"allow":["GET"]}}],"collection":[{"href":"https:\/\/armstrongyregion.com.ar\/diario\/wp-json\/wp\/v2\/posts"}],"about":[{"href":"https:\/\/armstrongyregion.com.ar\/diario\/wp-json\/wp\/v2\/types\/post"}],"author":[{"embeddable":true,"href":"https:\/\/armstrongyregion.com.ar\/diario\/wp-json\/wp\/v2\/users\/1"}],"replies":[{"embeddable":true,"href":"https:\/\/armstrongyregion.com.ar\/diario\/wp-json\/wp\/v2\/comments?post=17105"}],"version-history":[{"count":0,"href":"https:\/\/armstrongyregion.com.ar\/diario\/wp-json\/wp\/v2\/posts\/17105\/revisions"}],"wp:featuredmedia":[{"embeddable":true,"href":"https:\/\/armstrongyregion.com.ar\/diario\/wp-json\/wp\/v2\/media\/17106"}],"wp:attachment":[{"href":"https:\/\/armstrongyregion.com.ar\/diario\/wp-json\/wp\/v2\/media?parent=17105"}],"wp:term":[{"taxonomy":"category","embeddable":true,"href":"https:\/\/armstrongyregion.com.ar\/diario\/wp-json\/wp\/v2\/categories?post=17105"},{"taxonomy":"post_tag","embeddable":true,"href":"https:\/\/armstrongyregion.com.ar\/diario\/wp-json\/wp\/v2\/tags?post=17105"}],"curies":[{"name":"wp","href":"https:\/\/api.w.org\/{rel}","templated":true}]}}