{"id":17057,"date":"2018-05-02T13:56:09","date_gmt":"2018-05-02T13:56:09","guid":{"rendered":"https:\/\/armstrongyregion.com.ar\/diario\/?p=17057"},"modified":"2018-05-02T13:56:09","modified_gmt":"2018-05-02T13:56:09","slug":"ley-de-narcomenudeo-hay-que-ser-audaz-para-cortar-el-circulo-de-violencia","status":"publish","type":"post","link":"https:\/\/armstrongyregion.com.ar\/diario\/ley-de-narcomenudeo-hay-que-ser-audaz-para-cortar-el-circulo-de-violencia\/","title":{"rendered":"Ley de Narcomenudeo: \u00abHay que ser audaz para cortar el c\u00edrculo de violencia\u00bb."},"content":{"rendered":"<p><a href=\"http:\/\/armstrongyregion.com.ar\/diario\/wp-content\/uploads\/2018\/05\/lifschitzzz.jpg_1305449671.jpg\"><img loading=\"lazy\" decoding=\"async\" src=\"http:\/\/armstrongyregion.com.ar\/diario\/wp-content\/uploads\/2018\/05\/lifschitzzz.jpg_1305449671.jpg\" alt=\"lifschitzzz.jpg_1305449671\" width=\"847\" height=\"476\" class=\"alignnone size-full wp-image-17058\" srcset=\"https:\/\/armstrongyregion.com.ar\/diario\/wp-content\/uploads\/2018\/05\/lifschitzzz.jpg_1305449671.jpg 847w, https:\/\/armstrongyregion.com.ar\/diario\/wp-content\/uploads\/2018\/05\/lifschitzzz.jpg_1305449671-300x169.jpg 300w\" sizes=\"auto, (max-width: 847px) 100vw, 847px\" \/><\/a>El gobernador Miguel Lifschitz defendi\u00f3 el proyecto que busca que jueces y fiscales provinciales investiguen delitos federales. Sostuvo que \u00abno hay que esperar que las cosas se resuelvan solas\u00bb, en una nueva y solapada cr\u00edtica a la Justicia Federal.<\/p>\n<p>Tras su discurso de este martes en la Legislatura, el gobernador Miguel Lifschitz fue blanco de varias cr\u00edticas. Entre ellas por su pedido de que jueces y fiscales de la Provincia puedan investigar y perseguir el narcomenudeo. Detr\u00e1s de esta solicitud hay un llamado de atenci\u00f3n \u2013repetido\u2013 a la Justicia Federal. Para el mandatario, la \u00fanica forma de combatir la violencia en Santa Fe \u2013y particularmente en Rosario y en la capital provincial\u2013 es con \u201caudacia\u201d.<\/p>\n<p>En contacto con los periodistas Ciro Seisas y Hern\u00e1n Funes del programa A Diario (Radio 2), Lifschitz defendi\u00f3 la ley de narcomenudeo, estancada en el Senado santafesino. Coincidi\u00f3 con sus detractores en que la Justicia Federal deber\u00eda hacerse cargo de los delitos federales pero advirti\u00f3 que la situaci\u00f3n amerita que la provincia tambi\u00e9n tome cartas en el asunto; sobre todo porque alrededor de los puntos de venta de droga se cometen otro il\u00edcitos. Admiti\u00f3 incluso que en su \u00e9poca de senador vot\u00f3 en contra del proyecto pero destac\u00f3 que ahora reconoce su practicidad.<\/p>\n<p>\u201cEn cada barrio tenemos diez puntos de venta y si no combatimos eso no podemos cortar el c\u00edrculo de violencia (\u2026) En esto hay que ser audaz, porque si uno se queda esperando que las cosas se resuelvan solas&#8230;\u201d, lanz\u00f3.<\/p>\n<p>Con todo, el proyecto no pasa el filtro de la C\u00e1mara de Diputados, ni siquiera la del propio bloque oficialista y suma cr\u00edticas. Esta ma\u00f1ana, en contacto con Radi\u00f3polis, el programa que conduce Roberto Caferra, la diputada nacional y ex jueza provincial Alejandra Rodenas, se expres\u00f3 en contra de la iniciativa. Dijo que que no es un tema de Justicia sino de seguridad y que las provincias \u201cque han desfederalizado no tienen resultados mejores\u201d.<\/p>\n<p>Por otro lado, insisti\u00f3 en la necesidad de la reforma y se\u00f1al\u00f3 que los que m\u00e1s se oponen son los \u201cpol\u00edticos profesionales hist\u00f3ricos\u201d que con la reducci\u00f3n de la reelecci\u00f3n a s\u00f3lo un mandato, se ver\u00edan afectados.<\/p>\n<p>En tanto sobre el tema tarifas, previno contra \u201ctrasladar el d\u00e9ficit de Naci\u00f3n a los municipios\u201d.<br \/>\nFuente: Rosario3.com<\/p>\n","protected":false},"excerpt":{"rendered":"<p>El gobernador Miguel Lifschitz defendi\u00f3 el proyecto que busca que jueces y fiscales provinciales investiguen delitos federales. Sostuvo que \u00abno hay que esperar que las cosas se resuelvan solas\u00bb, en una nueva y solapada cr\u00edtica a la Justicia Federal. Tras su discurso de este martes en la Legislatura, el gobernador Miguel Lifschitz fue blanco de <a href=\"https:\/\/armstrongyregion.com.ar\/diario\/ley-de-narcomenudeo-hay-que-ser-audaz-para-cortar-el-circulo-de-violencia\/\" title=\"Read more\" >&#8230;<\/a><\/p>\n","protected":false},"author":1,"featured_media":17058,"comment_status":"open","ping_status":"open","sticky":false,"template":"","format":"standard","meta":{"_jetpack_memberships_contains_paid_content":false,"footnotes":"","jetpack_publicize_message":"","jetpack_publicize_feature_enabled":true,"jetpack_social_post_already_shared":false,"jetpack_social_options":{"image_generator_settings":{"template":"highway","default_image_id":0,"enabled":false},"version":2}},"categories":[8,1,7,3],"tags":[6660],"class_list":["post-17057","post","type-post","status-publish","format-standard","has-post-thumbnail","hentry","category-deliberando","category-diario-armstrong","category-politica","category-region","tag-ley-de-narcomenudeo-hay-que-ser-audaz-para-cortar-el-circulo-de-violencia"],"jetpack_publicize_connections":[],"jetpack_featured_media_url":"https:\/\/armstrongyregion.com.ar\/diario\/wp-content\/uploads\/2018\/05\/lifschitzzz.jpg_1305449671.jpg","jetpack_shortlink":"https:\/\/wp.me\/p62QDO-4r7","jetpack_sharing_enabled":true,"amp_enabled":true,"_links":{"self":[{"href":"https:\/\/armstrongyregion.com.ar\/diario\/wp-json\/wp\/v2\/posts\/17057","targetHints":{"allow":["GET"]}}],"collection":[{"href":"https:\/\/armstrongyregion.com.ar\/diario\/wp-json\/wp\/v2\/posts"}],"about":[{"href":"https:\/\/armstrongyregion.com.ar\/diario\/wp-json\/wp\/v2\/types\/post"}],"author":[{"embeddable":true,"href":"https:\/\/armstrongyregion.com.ar\/diario\/wp-json\/wp\/v2\/users\/1"}],"replies":[{"embeddable":true,"href":"https:\/\/armstrongyregion.com.ar\/diario\/wp-json\/wp\/v2\/comments?post=17057"}],"version-history":[{"count":0,"href":"https:\/\/armstrongyregion.com.ar\/diario\/wp-json\/wp\/v2\/posts\/17057\/revisions"}],"wp:featuredmedia":[{"embeddable":true,"href":"https:\/\/armstrongyregion.com.ar\/diario\/wp-json\/wp\/v2\/media\/17058"}],"wp:attachment":[{"href":"https:\/\/armstrongyregion.com.ar\/diario\/wp-json\/wp\/v2\/media?parent=17057"}],"wp:term":[{"taxonomy":"category","embeddable":true,"href":"https:\/\/armstrongyregion.com.ar\/diario\/wp-json\/wp\/v2\/categories?post=17057"},{"taxonomy":"post_tag","embeddable":true,"href":"https:\/\/armstrongyregion.com.ar\/diario\/wp-json\/wp\/v2\/tags?post=17057"}],"curies":[{"name":"wp","href":"https:\/\/api.w.org\/{rel}","templated":true}]}}