{"id":1705,"date":"2015-04-13T20:24:06","date_gmt":"2015-04-13T20:24:06","guid":{"rendered":"https:\/\/armstrongyregion.com.ar\/diario\/?p=1705"},"modified":"2015-04-13T20:24:06","modified_gmt":"2015-04-13T20:24:06","slug":"alerta-por-probables-tormentas-fuertes-13-04-2015","status":"publish","type":"post","link":"https:\/\/armstrongyregion.com.ar\/diario\/alerta-por-probables-tormentas-fuertes-13-04-2015\/","title":{"rendered":"Alerta por probables tormentas fuertes 13-04-2015."},"content":{"rendered":"<p><a href=\"http:\/\/armstrongyregion.com.ar\/diario\/wp-content\/uploads\/2015\/04\/alerta.jpg\"><img loading=\"lazy\" decoding=\"async\" class=\"alignnone size-full wp-image-1706\" src=\"http:\/\/armstrongyregion.com.ar\/diario\/wp-content\/uploads\/2015\/04\/alerta.jpg\" alt=\"alerta\" width=\"290\" height=\"174\" \/><\/a>La Junta Municipal de Defensa Civil Armstrong informa que rige un alerta por probables tormentas fuertes en el noroeste, centro y sur de la provincia de Buenos Aires, sur y centro de C\u00f3rdoba, este y centro de La Pampa, San Luis y el sur de Santa Fe.<br \/>\nUn frente fr\u00edo se desplaza desde el norte de la Patagonia hacia el \u00e1rea de cobertura provocando el desarrollo de tormentas en forma aislada, algunas localmente fuertes.<br \/>\nSe prev\u00e9 que en el transcurso del d\u00eda de hoy se intensifiquen y generalicen sobre el resto de la regi\u00f3n. Algunas de estas tormentas pueden ser localmente fuertes y estar acompa\u00f1adas de abundante ca\u00edda de agua, r\u00e1fagas de viento, ocasional ca\u00edda de granizo y fuerte actividad el\u00e9ctrica.<\/p>\n","protected":false},"excerpt":{"rendered":"<p>La Junta Municipal de Defensa Civil Armstrong informa que rige un alerta por probables tormentas fuertes en el noroeste, centro y sur de la provincia de Buenos Aires, sur y centro de C\u00f3rdoba, este y centro de La Pampa, San Luis y el sur de Santa Fe. Un frente fr\u00edo se desplaza desde el norte <a href=\"https:\/\/armstrongyregion.com.ar\/diario\/alerta-por-probables-tormentas-fuertes-13-04-2015\/\" title=\"Read more\" >&#8230;<\/a><\/p>\n","protected":false},"author":2,"featured_media":1706,"comment_status":"open","ping_status":"open","sticky":false,"template":"","format":"standard","meta":{"_jetpack_memberships_contains_paid_content":false,"footnotes":"","jetpack_publicize_message":"","jetpack_publicize_feature_enabled":true,"jetpack_social_post_already_shared":false,"jetpack_social_options":{"image_generator_settings":{"template":"highway","default_image_id":0,"enabled":false},"version":2}},"categories":[1,2],"tags":[1418,230,1417,60,1416,417],"class_list":["post-1705","post","type-post","status-publish","format-standard","has-post-thumbnail","hentry","category-diario-armstrong","category-locales","tag-13-04-2015","tag-alerta","tag-fuertes","tag-por","tag-probables","tag-tormentas"],"jetpack_publicize_connections":[],"jetpack_featured_media_url":"https:\/\/armstrongyregion.com.ar\/diario\/wp-content\/uploads\/2015\/04\/alerta.jpg","jetpack_shortlink":"https:\/\/wp.me\/p62QDO-rv","jetpack_sharing_enabled":true,"amp_enabled":true,"_links":{"self":[{"href":"https:\/\/armstrongyregion.com.ar\/diario\/wp-json\/wp\/v2\/posts\/1705","targetHints":{"allow":["GET"]}}],"collection":[{"href":"https:\/\/armstrongyregion.com.ar\/diario\/wp-json\/wp\/v2\/posts"}],"about":[{"href":"https:\/\/armstrongyregion.com.ar\/diario\/wp-json\/wp\/v2\/types\/post"}],"author":[{"embeddable":true,"href":"https:\/\/armstrongyregion.com.ar\/diario\/wp-json\/wp\/v2\/users\/2"}],"replies":[{"embeddable":true,"href":"https:\/\/armstrongyregion.com.ar\/diario\/wp-json\/wp\/v2\/comments?post=1705"}],"version-history":[{"count":0,"href":"https:\/\/armstrongyregion.com.ar\/diario\/wp-json\/wp\/v2\/posts\/1705\/revisions"}],"wp:featuredmedia":[{"embeddable":true,"href":"https:\/\/armstrongyregion.com.ar\/diario\/wp-json\/wp\/v2\/media\/1706"}],"wp:attachment":[{"href":"https:\/\/armstrongyregion.com.ar\/diario\/wp-json\/wp\/v2\/media?parent=1705"}],"wp:term":[{"taxonomy":"category","embeddable":true,"href":"https:\/\/armstrongyregion.com.ar\/diario\/wp-json\/wp\/v2\/categories?post=1705"},{"taxonomy":"post_tag","embeddable":true,"href":"https:\/\/armstrongyregion.com.ar\/diario\/wp-json\/wp\/v2\/tags?post=1705"}],"curies":[{"name":"wp","href":"https:\/\/api.w.org\/{rel}","templated":true}]}}