{"id":17044,"date":"2018-04-30T23:37:23","date_gmt":"2018-04-30T23:37:23","guid":{"rendered":"https:\/\/armstrongyregion.com.ar\/diario\/?p=17044"},"modified":"2018-04-30T23:37:23","modified_gmt":"2018-04-30T23:37:23","slug":"se-firmaron-los-convenios-de-las-becas-juan-b-justo-en-armstrong","status":"publish","type":"post","link":"https:\/\/armstrongyregion.com.ar\/diario\/se-firmaron-los-convenios-de-las-becas-juan-b-justo-en-armstrong\/","title":{"rendered":"Se firmaron los convenios de las Becas Juan B. Justo en Armstrong."},"content":{"rendered":"<p><a href=\"http:\/\/armstrongyregion.com.ar\/diario\/wp-content\/uploads\/2018\/04\/Becas-Juan-B-Justo-2018.jpg\"><img loading=\"lazy\" decoding=\"async\" src=\"http:\/\/armstrongyregion.com.ar\/diario\/wp-content\/uploads\/2018\/04\/Becas-Juan-B-Justo-2018.jpg\" alt=\"Becas-Juan-B-Justo-2018\" width=\"768\" height=\"432\" class=\"alignnone size-full wp-image-17045\" srcset=\"https:\/\/armstrongyregion.com.ar\/diario\/wp-content\/uploads\/2018\/04\/Becas-Juan-B-Justo-2018.jpg 768w, https:\/\/armstrongyregion.com.ar\/diario\/wp-content\/uploads\/2018\/04\/Becas-Juan-B-Justo-2018-300x169.jpg 300w\" sizes=\"auto, (max-width: 768px) 100vw, 768px\" \/><\/a>El pasado s\u00e1bado 28 de abril, el Diputado Miguel Sol\u00eds, junto a referentes del Frente Progresista C\u00edvico y Social,  por 3er. A\u00f1o consecutivo firmaron  los convenios con estudiantes terciarios y universitarios, el lugar del encuentro fue el Bar-Resto Ambrosia, donde en una reuni\u00f3n muy amena con los j\u00f3venes hubo intercambio de ideas con el legislador.<br \/>\nEl Diputado Sol\u00eds expres\u00f3: \u201cEste aporte que mensualmente y hasta fin de a\u00f1o entregamos a m\u00e1s de 250 j\u00f3venes de todo el departamento Belgrano, es una herramienta complementaria que se suma al esfuerzo que hacen sus familias para que lo econ\u00f3mico no sea una limitaci\u00f3n en su formaci\u00f3n\u201d. <\/p>\n","protected":false},"excerpt":{"rendered":"<p>El pasado s\u00e1bado 28 de abril, el Diputado Miguel Sol\u00eds, junto a referentes del Frente Progresista C\u00edvico y Social, por 3er. A\u00f1o consecutivo firmaron los convenios con estudiantes terciarios y universitarios, el lugar del encuentro fue el Bar-Resto Ambrosia, donde en una reuni\u00f3n muy amena con los j\u00f3venes hubo intercambio de ideas con el legislador. <a href=\"https:\/\/armstrongyregion.com.ar\/diario\/se-firmaron-los-convenios-de-las-becas-juan-b-justo-en-armstrong\/\" title=\"Read more\" >&#8230;<\/a><\/p>\n","protected":false},"author":1,"featured_media":17045,"comment_status":"open","ping_status":"open","sticky":false,"template":"","format":"standard","meta":{"_jetpack_memberships_contains_paid_content":false,"footnotes":"","jetpack_publicize_message":"","jetpack_publicize_feature_enabled":true,"jetpack_social_post_already_shared":false,"jetpack_social_options":{"image_generator_settings":{"template":"highway","default_image_id":0,"enabled":false},"version":2}},"categories":[8,1,2,3],"tags":[6656],"class_list":["post-17044","post","type-post","status-publish","format-standard","has-post-thumbnail","hentry","category-deliberando","category-diario-armstrong","category-locales","category-region","tag-se-firmaron-los-convenios-de-las-becas-juan-b-justo-en-armstrong"],"jetpack_publicize_connections":[],"jetpack_featured_media_url":"https:\/\/armstrongyregion.com.ar\/diario\/wp-content\/uploads\/2018\/04\/Becas-Juan-B-Justo-2018.jpg","jetpack_shortlink":"https:\/\/wp.me\/p62QDO-4qU","jetpack_sharing_enabled":true,"amp_enabled":true,"_links":{"self":[{"href":"https:\/\/armstrongyregion.com.ar\/diario\/wp-json\/wp\/v2\/posts\/17044","targetHints":{"allow":["GET"]}}],"collection":[{"href":"https:\/\/armstrongyregion.com.ar\/diario\/wp-json\/wp\/v2\/posts"}],"about":[{"href":"https:\/\/armstrongyregion.com.ar\/diario\/wp-json\/wp\/v2\/types\/post"}],"author":[{"embeddable":true,"href":"https:\/\/armstrongyregion.com.ar\/diario\/wp-json\/wp\/v2\/users\/1"}],"replies":[{"embeddable":true,"href":"https:\/\/armstrongyregion.com.ar\/diario\/wp-json\/wp\/v2\/comments?post=17044"}],"version-history":[{"count":0,"href":"https:\/\/armstrongyregion.com.ar\/diario\/wp-json\/wp\/v2\/posts\/17044\/revisions"}],"wp:featuredmedia":[{"embeddable":true,"href":"https:\/\/armstrongyregion.com.ar\/diario\/wp-json\/wp\/v2\/media\/17045"}],"wp:attachment":[{"href":"https:\/\/armstrongyregion.com.ar\/diario\/wp-json\/wp\/v2\/media?parent=17044"}],"wp:term":[{"taxonomy":"category","embeddable":true,"href":"https:\/\/armstrongyregion.com.ar\/diario\/wp-json\/wp\/v2\/categories?post=17044"},{"taxonomy":"post_tag","embeddable":true,"href":"https:\/\/armstrongyregion.com.ar\/diario\/wp-json\/wp\/v2\/tags?post=17044"}],"curies":[{"name":"wp","href":"https:\/\/api.w.org\/{rel}","templated":true}]}}