{"id":17023,"date":"2018-04-27T15:12:00","date_gmt":"2018-04-27T15:12:00","guid":{"rendered":"https:\/\/armstrongyregion.com.ar\/diario\/?p=17023"},"modified":"2018-04-27T15:12:00","modified_gmt":"2018-04-27T15:12:00","slug":"encuentro-conmemorativo-por-claudio-marcelo-giaretti","status":"publish","type":"post","link":"https:\/\/armstrongyregion.com.ar\/diario\/encuentro-conmemorativo-por-claudio-marcelo-giaretti\/","title":{"rendered":"Encuentro conmemorativo por Claudio Marcelo Giaretti."},"content":{"rendered":"<p><a href=\"http:\/\/armstrongyregion.com.ar\/diario\/wp-content\/uploads\/2018\/04\/Acto-Connmemorativo-.jpg\"><img loading=\"lazy\" decoding=\"async\" src=\"http:\/\/armstrongyregion.com.ar\/diario\/wp-content\/uploads\/2018\/04\/Acto-Connmemorativo-.jpg\" alt=\"Acto-Connmemorativo-\" width=\"960\" height=\"672\" class=\"alignnone size-full wp-image-17024\" srcset=\"https:\/\/armstrongyregion.com.ar\/diario\/wp-content\/uploads\/2018\/04\/Acto-Connmemorativo-.jpg 960w, https:\/\/armstrongyregion.com.ar\/diario\/wp-content\/uploads\/2018\/04\/Acto-Connmemorativo--300x210.jpg 300w\" sizes=\"auto, (max-width: 960px) 100vw, 960px\" \/><\/a>La Familia de Claudio Giaretti junto a la Escuela N\u00b0 51 y la Municipalidad de Armstrong, invitan al encuentro conmemorativo el pr\u00f3ximo 2 de mayo a las 19 horas en la plaza que lleva su nombre en la intersecci\u00f3n de calle Berthillot y Crucianelli.<br \/>\nAylen y Mauricio Giaretti, familiares de nuestro h\u00e9roe armstronense a trav\u00e9s de los medios locales  dejaron una invitaci\u00f3n abierta  a la comunidad \u201ces la primera vez que hacemos este tipo de encuentro destinado para adolescente y adultos. Salimos del acto protocolar para que no sea acartonado. La fecha que identifica a Claudio es el 2 de mayo, aniversario del hundimiento General Belgrano\u201d. Mencionaba Mauricio Giaretti.<br \/>\n\u201cEn este encuentro vamos a contar quien era nuestro h\u00e9roe  pero tambi\u00e9n queremos recordarlo con un momento agradable donde habr\u00e1 bandas en vivo que se sumaron a esta propuesta\u201d. Mencion\u00f3 Aylen.<br \/>\nCrucero General Belgrano, se hundi\u00f3 hace 36 a\u00f1os.<br \/>\nEl 2 de mayo de 1982, el Crucero General Belgrano, fue alcanzado fuera de la zona de exclusi\u00f3n declarada por los brit\u00e1nicos por dos torpedos disparados por el submarino nuclear ingl\u00e9s HMS Conqueror, despu\u00e9s de haber embarcado m\u00e1s de 9.000 toneladas de agua por sus v\u00edas, el nav\u00edo se hundi\u00f3 tras casi una hora de agon\u00eda.<br \/>\nSus supervivientes fueron rescatados despu\u00e9s de afrontar una larga odisea en alta mar, con aguas heladas y fuertes vientos ant\u00e1rticos, entre los d\u00edas 3 y 4 de mayo. De los 1.093 tripulantes del glorioso crucero perecieron 323.   <\/p>\n","protected":false},"excerpt":{"rendered":"<p>La Familia de Claudio Giaretti junto a la Escuela N\u00b0 51 y la Municipalidad de Armstrong, invitan al encuentro conmemorativo el pr\u00f3ximo 2 de mayo a las 19 horas en la plaza que lleva su nombre en la intersecci\u00f3n de calle Berthillot y Crucianelli. Aylen y Mauricio Giaretti, familiares de nuestro h\u00e9roe armstronense a trav\u00e9s <a href=\"https:\/\/armstrongyregion.com.ar\/diario\/encuentro-conmemorativo-por-claudio-marcelo-giaretti\/\" title=\"Read more\" >&#8230;<\/a><\/p>\n","protected":false},"author":1,"featured_media":17024,"comment_status":"open","ping_status":"open","sticky":false,"template":"","format":"standard","meta":{"_jetpack_memberships_contains_paid_content":false,"footnotes":"","jetpack_publicize_message":"","jetpack_publicize_feature_enabled":true,"jetpack_social_post_already_shared":false,"jetpack_social_options":{"image_generator_settings":{"template":"highway","default_image_id":0,"enabled":false},"version":2}},"categories":[6,8,1,2],"tags":[6647],"class_list":["post-17023","post","type-post","status-publish","format-standard","has-post-thumbnail","hentry","category-cultura-entretenimiento","category-deliberando","category-diario-armstrong","category-locales","tag-encuentro-conmemorativo-por-claudio-marcelo-giaretti"],"jetpack_publicize_connections":[],"jetpack_featured_media_url":"https:\/\/armstrongyregion.com.ar\/diario\/wp-content\/uploads\/2018\/04\/Acto-Connmemorativo-.jpg","jetpack_shortlink":"https:\/\/wp.me\/p62QDO-4qz","jetpack_sharing_enabled":true,"amp_enabled":true,"_links":{"self":[{"href":"https:\/\/armstrongyregion.com.ar\/diario\/wp-json\/wp\/v2\/posts\/17023","targetHints":{"allow":["GET"]}}],"collection":[{"href":"https:\/\/armstrongyregion.com.ar\/diario\/wp-json\/wp\/v2\/posts"}],"about":[{"href":"https:\/\/armstrongyregion.com.ar\/diario\/wp-json\/wp\/v2\/types\/post"}],"author":[{"embeddable":true,"href":"https:\/\/armstrongyregion.com.ar\/diario\/wp-json\/wp\/v2\/users\/1"}],"replies":[{"embeddable":true,"href":"https:\/\/armstrongyregion.com.ar\/diario\/wp-json\/wp\/v2\/comments?post=17023"}],"version-history":[{"count":0,"href":"https:\/\/armstrongyregion.com.ar\/diario\/wp-json\/wp\/v2\/posts\/17023\/revisions"}],"wp:featuredmedia":[{"embeddable":true,"href":"https:\/\/armstrongyregion.com.ar\/diario\/wp-json\/wp\/v2\/media\/17024"}],"wp:attachment":[{"href":"https:\/\/armstrongyregion.com.ar\/diario\/wp-json\/wp\/v2\/media?parent=17023"}],"wp:term":[{"taxonomy":"category","embeddable":true,"href":"https:\/\/armstrongyregion.com.ar\/diario\/wp-json\/wp\/v2\/categories?post=17023"},{"taxonomy":"post_tag","embeddable":true,"href":"https:\/\/armstrongyregion.com.ar\/diario\/wp-json\/wp\/v2\/tags?post=17023"}],"curies":[{"name":"wp","href":"https:\/\/api.w.org\/{rel}","templated":true}]}}