{"id":17012,"date":"2018-04-26T22:34:30","date_gmt":"2018-04-26T22:34:30","guid":{"rendered":"https:\/\/armstrongyregion.com.ar\/diario\/?p=17012"},"modified":"2018-04-26T22:34:30","modified_gmt":"2018-04-26T22:34:30","slug":"correa-ya-cuenta-con-su-centro-de-monitoreo","status":"publish","type":"post","link":"https:\/\/armstrongyregion.com.ar\/diario\/correa-ya-cuenta-con-su-centro-de-monitoreo\/","title":{"rendered":"Correa ya cuenta con su Centro de Monitoreo."},"content":{"rendered":"<p><a href=\"http:\/\/armstrongyregion.com.ar\/diario\/wp-content\/uploads\/2018\/04\/Centro-de-Monitoreo.jpeg\"><img loading=\"lazy\" decoding=\"async\" src=\"http:\/\/armstrongyregion.com.ar\/diario\/wp-content\/uploads\/2018\/04\/Centro-de-Monitoreo.jpeg\" alt=\"Centro de Monitoreo\" width=\"768\" height=\"413\" class=\"alignnone size-full wp-image-17013\" srcset=\"https:\/\/armstrongyregion.com.ar\/diario\/wp-content\/uploads\/2018\/04\/Centro-de-Monitoreo.jpeg 768w, https:\/\/armstrongyregion.com.ar\/diario\/wp-content\/uploads\/2018\/04\/Centro-de-Monitoreo-300x161.jpeg 300w\" sizes=\"auto, (max-width: 768px) 100vw, 768px\" \/><\/a>El Centro de Monitoreo de Seguridad permite realizar un seguimiento pormenorizado, durante las 24 hs. los 365 del a\u00f1o de las im\u00e1genes captadas por las c\u00e1maras de video vigilancia ubicadas en distintos puntos de la localidad.<\/p>\n<p>Una vez m\u00e1s, la Comuna de Correa intensifica sus pol\u00edticas en materia de seguridad, con una inversi\u00f3n superior a los 300 mil pesos, se construy\u00f3 el edificio, se instalaron nuevas c\u00e1maras y se adquirieron distintos equipamientos tecnol\u00f3gicos para el funcionamiento de esta central.<\/p>\n<p>El personal que desempe\u00f1a sus tareas en este espacio es de nuestra localidad, generando nuevas oportunidades laborales, en tanto el responsable del funcionamiento es Ruben Rimoldi.<\/p>\n<p>\u201cSumamos tecnolog\u00eda e incorporamos m\u00e1s herramientas para fortalecer las pol\u00edticas de seguridad en nuestro pueblo\u201d, remarc\u00f3 Cejas. \u201cCon esta herramienta sumamos tecnolog\u00eda para la prevenci\u00f3n del delito y el esclarecimiento de hechos de inseguridad\u201d.<br \/>\nLa inauguraci\u00f3n del edificio ubicado sobre calle 25 de Mayo se realiz\u00f3 el pasado viernes 20 de abril con la presencia del Presidente Comunal Fabi\u00e1n Cejas, integrantes de la Comisi\u00f3n Comunal, representantes del Consejo de Seguridad y vecinos en general.<\/p>\n","protected":false},"excerpt":{"rendered":"<p>El Centro de Monitoreo de Seguridad permite realizar un seguimiento pormenorizado, durante las 24 hs. los 365 del a\u00f1o de las im\u00e1genes captadas por las c\u00e1maras de video vigilancia ubicadas en distintos puntos de la localidad. Una vez m\u00e1s, la Comuna de Correa intensifica sus pol\u00edticas en materia de seguridad, con una inversi\u00f3n superior a <a href=\"https:\/\/armstrongyregion.com.ar\/diario\/correa-ya-cuenta-con-su-centro-de-monitoreo\/\" title=\"Read more\" >&#8230;<\/a><\/p>\n","protected":false},"author":1,"featured_media":17013,"comment_status":"open","ping_status":"open","sticky":false,"template":"","format":"standard","meta":{"_jetpack_memberships_contains_paid_content":false,"footnotes":"","jetpack_publicize_message":"","jetpack_publicize_feature_enabled":true,"jetpack_social_post_already_shared":false,"jetpack_social_options":{"image_generator_settings":{"template":"highway","default_image_id":0,"enabled":false},"version":2}},"categories":[8,1,2,7,3],"tags":[6642],"class_list":["post-17012","post","type-post","status-publish","format-standard","has-post-thumbnail","hentry","category-deliberando","category-diario-armstrong","category-locales","category-politica","category-region","tag-correa-ya-cuenta-con-su-centro-de-monitoreo"],"jetpack_publicize_connections":[],"jetpack_featured_media_url":"https:\/\/armstrongyregion.com.ar\/diario\/wp-content\/uploads\/2018\/04\/Centro-de-Monitoreo.jpeg","jetpack_shortlink":"https:\/\/wp.me\/p62QDO-4qo","jetpack_sharing_enabled":true,"amp_enabled":true,"_links":{"self":[{"href":"https:\/\/armstrongyregion.com.ar\/diario\/wp-json\/wp\/v2\/posts\/17012","targetHints":{"allow":["GET"]}}],"collection":[{"href":"https:\/\/armstrongyregion.com.ar\/diario\/wp-json\/wp\/v2\/posts"}],"about":[{"href":"https:\/\/armstrongyregion.com.ar\/diario\/wp-json\/wp\/v2\/types\/post"}],"author":[{"embeddable":true,"href":"https:\/\/armstrongyregion.com.ar\/diario\/wp-json\/wp\/v2\/users\/1"}],"replies":[{"embeddable":true,"href":"https:\/\/armstrongyregion.com.ar\/diario\/wp-json\/wp\/v2\/comments?post=17012"}],"version-history":[{"count":0,"href":"https:\/\/armstrongyregion.com.ar\/diario\/wp-json\/wp\/v2\/posts\/17012\/revisions"}],"wp:featuredmedia":[{"embeddable":true,"href":"https:\/\/armstrongyregion.com.ar\/diario\/wp-json\/wp\/v2\/media\/17013"}],"wp:attachment":[{"href":"https:\/\/armstrongyregion.com.ar\/diario\/wp-json\/wp\/v2\/media?parent=17012"}],"wp:term":[{"taxonomy":"category","embeddable":true,"href":"https:\/\/armstrongyregion.com.ar\/diario\/wp-json\/wp\/v2\/categories?post=17012"},{"taxonomy":"post_tag","embeddable":true,"href":"https:\/\/armstrongyregion.com.ar\/diario\/wp-json\/wp\/v2\/tags?post=17012"}],"curies":[{"name":"wp","href":"https:\/\/api.w.org\/{rel}","templated":true}]}}