{"id":1701,"date":"2015-04-13T01:19:24","date_gmt":"2015-04-13T01:19:24","guid":{"rendered":"https:\/\/armstrongyregion.com.ar\/diario\/?p=1701"},"modified":"2015-04-13T01:19:24","modified_gmt":"2015-04-13T01:19:24","slug":"el-%c2%a8socialismo%c2%a8-de-armstrong-abrio-un-local-partidario","status":"publish","type":"post","link":"https:\/\/armstrongyregion.com.ar\/diario\/el-%c2%a8socialismo%c2%a8-de-armstrong-abrio-un-local-partidario\/","title":{"rendered":"El \u00a8Socialismo\u00a8 de Armstrong abri\u00f3 un local partidario."},"content":{"rendered":"<p><a href=\"http:\/\/armstrongyregion.com.ar\/diario\/wp-content\/uploads\/2015\/04\/Deliberando-11-y-12-172.jpg\"><img loading=\"lazy\" decoding=\"async\" class=\"alignnone size-medium wp-image-1702\" src=\"http:\/\/armstrongyregion.com.ar\/diario\/wp-content\/uploads\/2015\/04\/Deliberando-11-y-12-172-300x200.jpg\" alt=\"Socialismo en Armstrong\" width=\"300\" height=\"200\" srcset=\"https:\/\/armstrongyregion.com.ar\/diario\/wp-content\/uploads\/2015\/04\/Deliberando-11-y-12-172-300x200.jpg 300w, https:\/\/armstrongyregion.com.ar\/diario\/wp-content\/uploads\/2015\/04\/Deliberando-11-y-12-172.jpg 768w\" sizes=\"auto, (max-width: 300px) 100vw, 300px\" \/><\/a>El pasado s\u00e1bado 11 de abril, el \u00a8Socialismo de Armstrong abri\u00f3 un local partidario en la esquina de Iraci y Flotron. Estuvieron presentes todos los referentes del Dto Belgrano, como Sandra Cl\u00e9rici, Jorge Breccia, Mario Ramos, Leandro Dietschi, Roxana Collaud, V\u00edctor Cantarini entre otros.<br \/>\nEn contacto con Armstrong y Region el precandidato a senador Juan Carlos Valdano, nos dec\u00eda, \u00a8Estoy muy emocionado, muy contento, seguido por el acompa\u00f1amiento de los militantes del Dto. Belgrano, nos han acompa\u00f1ado en esta recorrida y ahora en la inauguraci\u00f3n de este local, Armstrong tiene una historia socialista de militancia, por supuesto que esto sigue vigente, necesit\u00e1bamos este punto de encuentro y gracias a la generosidad de Stella Eckard, tenemos la oportunidad de contar con este espacio\u00a8.<br \/>\nEsto ser\u00e1 un punto de referencia un local abierto, para recibir demandas, para contactarnos con la gente, para cumplir un rol importante dentro del Frente y conseguir ir fortaleci\u00e9ndonos y generando interacciones en el Departamento Belgrano. Hay una construcci\u00f3n pol\u00edtica muy fuerte y esto, lo tenemos que potenciar, pretendemos seguir construyendo, nosotros lo hacemos de manera horizontal, para darle mas espesor a nuestra propuesta\u00a8.<\/p>\n","protected":false},"excerpt":{"rendered":"<p>El pasado s\u00e1bado 11 de abril, el \u00a8Socialismo de Armstrong abri\u00f3 un local partidario en la esquina de Iraci y Flotron. Estuvieron presentes todos los referentes del Dto Belgrano, como Sandra Cl\u00e9rici, Jorge Breccia, Mario Ramos, Leandro Dietschi, Roxana Collaud, V\u00edctor Cantarini entre otros. En contacto con Armstrong y Region el precandidato a senador Juan <a href=\"https:\/\/armstrongyregion.com.ar\/diario\/el-%c2%a8socialismo%c2%a8-de-armstrong-abrio-un-local-partidario\/\" title=\"Read more\" >&#8230;<\/a><\/p>\n","protected":false},"author":2,"featured_media":1702,"comment_status":"open","ping_status":"open","sticky":false,"template":"","format":"standard","meta":{"_jetpack_memberships_contains_paid_content":false,"footnotes":"","jetpack_publicize_message":"","jetpack_publicize_feature_enabled":true,"jetpack_social_post_already_shared":false,"jetpack_social_options":{"image_generator_settings":{"template":"highway","default_image_id":0,"enabled":false},"version":2}},"categories":[1,2,7],"tags":[1175,20,19,16,1200,1415,1414,192],"class_list":["post-1701","post","type-post","status-publish","format-standard","has-post-thumbnail","hentry","category-diario-armstrong","category-locales","category-politica","tag-abrio","tag-armstrong","tag-de","tag-el","tag-local","tag-partidario","tag-socialismo","tag-un"],"jetpack_publicize_connections":[],"jetpack_featured_media_url":"https:\/\/armstrongyregion.com.ar\/diario\/wp-content\/uploads\/2015\/04\/Deliberando-11-y-12-172.jpg","jetpack_shortlink":"https:\/\/wp.me\/p62QDO-rr","jetpack_sharing_enabled":true,"amp_enabled":true,"_links":{"self":[{"href":"https:\/\/armstrongyregion.com.ar\/diario\/wp-json\/wp\/v2\/posts\/1701","targetHints":{"allow":["GET"]}}],"collection":[{"href":"https:\/\/armstrongyregion.com.ar\/diario\/wp-json\/wp\/v2\/posts"}],"about":[{"href":"https:\/\/armstrongyregion.com.ar\/diario\/wp-json\/wp\/v2\/types\/post"}],"author":[{"embeddable":true,"href":"https:\/\/armstrongyregion.com.ar\/diario\/wp-json\/wp\/v2\/users\/2"}],"replies":[{"embeddable":true,"href":"https:\/\/armstrongyregion.com.ar\/diario\/wp-json\/wp\/v2\/comments?post=1701"}],"version-history":[{"count":0,"href":"https:\/\/armstrongyregion.com.ar\/diario\/wp-json\/wp\/v2\/posts\/1701\/revisions"}],"wp:featuredmedia":[{"embeddable":true,"href":"https:\/\/armstrongyregion.com.ar\/diario\/wp-json\/wp\/v2\/media\/1702"}],"wp:attachment":[{"href":"https:\/\/armstrongyregion.com.ar\/diario\/wp-json\/wp\/v2\/media?parent=1701"}],"wp:term":[{"taxonomy":"category","embeddable":true,"href":"https:\/\/armstrongyregion.com.ar\/diario\/wp-json\/wp\/v2\/categories?post=1701"},{"taxonomy":"post_tag","embeddable":true,"href":"https:\/\/armstrongyregion.com.ar\/diario\/wp-json\/wp\/v2\/tags?post=1701"}],"curies":[{"name":"wp","href":"https:\/\/api.w.org\/{rel}","templated":true}]}}