{"id":17009,"date":"2018-04-26T22:20:28","date_gmt":"2018-04-26T22:20:28","guid":{"rendered":"https:\/\/armstrongyregion.com.ar\/diario\/?p=17009"},"modified":"2018-04-26T22:20:28","modified_gmt":"2018-04-26T22:20:28","slug":"pullaro-dio-comienzo-al-operativo-de-distribucion-para-la-entrega-de-los-nuevos-uniformes-policiales","status":"publish","type":"post","link":"https:\/\/armstrongyregion.com.ar\/diario\/pullaro-dio-comienzo-al-operativo-de-distribucion-para-la-entrega-de-los-nuevos-uniformes-policiales\/","title":{"rendered":"Pullaro dio comienzo al operativo de distribuci\u00f3n para la entrega de los nuevos uniformes policiales."},"content":{"rendered":"<p><a href=\"http:\/\/armstrongyregion.com.ar\/diario\/wp-content\/uploads\/2018\/04\/pullaro-.jpeg\"><img loading=\"lazy\" decoding=\"async\" src=\"http:\/\/armstrongyregion.com.ar\/diario\/wp-content\/uploads\/2018\/04\/pullaro-.jpeg\" alt=\"pullaro-\" width=\"753\" height=\"600\" class=\"alignnone size-full wp-image-17010\" srcset=\"https:\/\/armstrongyregion.com.ar\/diario\/wp-content\/uploads\/2018\/04\/pullaro-.jpeg 753w, https:\/\/armstrongyregion.com.ar\/diario\/wp-content\/uploads\/2018\/04\/pullaro--300x239.jpeg 300w\" sizes=\"auto, (max-width: 753px) 100vw, 753px\" \/><\/a>El Ministerio de Seguridad adquiri\u00f3 391.000 prendas que ser\u00e1n repartidas a m\u00e1s de 24.400 polic\u00edas de toda la provincia. La primer etapa est\u00e1 destinada a las Unidades Regionales I y II.<\/p>\n<p>El ministro de Seguridad Maximiliano Pullaro marc\u00f3 un d\u00eda hist\u00f3rico para su gesti\u00f3n y para la Polic\u00eda de Santa Fe. Durante el mediod\u00eda de hoy, el ministro dio inicio al Operativo de distribuci\u00f3n y entrega de la indumentaria para toda la Polic\u00eda de Santa Fe. Con una inversi\u00f3n que asciende a los 213 millones de pesos se adquirieron 391.000 prendas para m\u00e1s de 24.400 agentes de Polic\u00eda, Guardia Rural y Servicio Penitenciario. En principio ser\u00e1n distribuidos a las Unidades Regionales I y II, y se har\u00e1 una entrega progresiva a las dem\u00e1s unidades.<\/p>\n<p>En esta compra, el Ministerio de Seguridad invirti\u00f3 un total de 213 millones de pesos, lo que significa una inversi\u00f3n individual de $8750 pesos por agente.<\/p>\n<p>\u201cPara nosotros es un d\u00eda sumamente importante\u201d afirm\u00f3 el ministro Pullaro y agreg\u00f3: \u201cDesde el a\u00f1o 78 que los distintos gobiernos no le entregaban ropa a su polic\u00eda, hace 40 a\u00f1os, indudablemente no fue f\u00e1cil pero es un avance muy importante\u201d. Adem\u00e1s resalt\u00f3 que \u201cconcluimos con una compra que cre\u00edamos que iba a ser mucho m\u00e1s sencilla de lo que fue\u201d. <\/p>\n<p>En esa linea el ministro se\u00f1al\u00f3 que la licitaci\u00f3n, que permiti\u00f3 adquirir las 391.000 prendas que se dividen en 16 prendas para los 24.450 agentes de Polic\u00eda (de color negro), Guardia Rural (color verde) y Servicio Penitenciario (color gris), \u201cfue compleja\u201d ya que primero \u201chubo que tomar el talle de cada uno de nuestros efectivos, para eso nos sirvi\u00f3 mucho el censo que hicimos a principio de 2016 y despu\u00e9s tuvimos que hacer pruebas en el INTI para controlar la calidad de las prendas\u201d.<\/p>\n<p>El uniforme que recibir\u00e1 cada efectivo policial esta compuesto por 16 prendas, un casquete, una remera primera piel (t\u00e9rmica), una remera manga corta, una camisa manga corta, una camisa manga larga, dos pantalones de combate, una tricota (pullover tejido), una garibaldina (chaqueta que se usa en media estaci\u00f3n), un gab\u00e1n (es decir, un camper\u00f3n de abrigo), un chaleco refractario, una capa de lluvia, un cintur\u00f3n de combate, dos pares de medias y un par de borcegu\u00edes.<\/p>\n<p>Por su parte, Marcelo Villanua, jefe de Polic\u00eda de Provincia, alent\u00f3 al personal y afirm\u00f3 que \u201cel uniforme representa muchas cosas, particularmente el uniforme que luce el polic\u00eda es la presencia del Estado, por medio de su polic\u00eda, en el territorio. Ese uniforme lo deben cuidar, pero por sobre todas las cosas lo tienen que respetar y hacer respetar. Nosotros somos la Policia de Santa Fe\u201d.<\/p>\n<p>El Operativo de distribuci\u00f3n y entrega de la indumentaria comenz\u00f3 hoy con el reparto en las Unidades Regionales I y II, para que, a partir de la pr\u00f3xima semana, los Departamentos Log\u00edsticos comiencen con la distribuci\u00f3n a cada uno de los agentes de acuerdo a los talles que se le tomaron.<\/p>\n<p>Por otro lado, Villanua resalt\u00f3 que con este gesto \u201choy se le est\u00e1 retribuyendo al personal policial y se le esta reconociendo el trabajo que vienen haciendo a diario, estamos saldando esa deuda que se ten\u00eda. Hoy tenemos una polic\u00eda uniformada, pero uniformada en la educaci\u00f3n, uniformada con el compromiso del trabajo que tienen que hacer, uniformada, valga la redundancia, con un uniforme \u00fanico y com\u00fan.<\/p>\n<p>El ministro destac\u00f3 el avance conseguido en los casi 30 meses de gesti\u00f3n que lleva al frente de la cartera de seguridad provincial y revel\u00f3 que \u201cestamos encarando la segunda licitaci\u00f3n para entregarles los uniformes correspondientes al 2018 porque el a\u00f1o pasado nos demoramos con la licitaci\u00f3n por la complejidad que la misma tuvo. Tambi\u00e9n lo vamos a hacer para el personal de la Central de Emergencias 911\u201d.<\/p>\n<p>Por \u00faltimo, explicaron que si bien hoy comienza la entrega en las Unidades I y II, la entrega al resto de las Unidades de Polic\u00eda de la Provincia se har\u00e1 de manera progresiva.<\/p>\n","protected":false},"excerpt":{"rendered":"<p>El Ministerio de Seguridad adquiri\u00f3 391.000 prendas que ser\u00e1n repartidas a m\u00e1s de 24.400 polic\u00edas de toda la provincia. La primer etapa est\u00e1 destinada a las Unidades Regionales I y II. El ministro de Seguridad Maximiliano Pullaro marc\u00f3 un d\u00eda hist\u00f3rico para su gesti\u00f3n y para la Polic\u00eda de Santa Fe. Durante el mediod\u00eda de <a href=\"https:\/\/armstrongyregion.com.ar\/diario\/pullaro-dio-comienzo-al-operativo-de-distribucion-para-la-entrega-de-los-nuevos-uniformes-policiales\/\" title=\"Read more\" >&#8230;<\/a><\/p>\n","protected":false},"author":1,"featured_media":17010,"comment_status":"open","ping_status":"open","sticky":false,"template":"","format":"standard","meta":{"_jetpack_memberships_contains_paid_content":false,"footnotes":"","jetpack_publicize_message":"","jetpack_publicize_feature_enabled":true,"jetpack_social_post_already_shared":false,"jetpack_social_options":{"image_generator_settings":{"template":"highway","default_image_id":0,"enabled":false},"version":2}},"categories":[8,1,2,2852,3],"tags":[6641],"class_list":["post-17009","post","type-post","status-publish","format-standard","has-post-thumbnail","hentry","category-deliberando","category-diario-armstrong","category-locales","category-policiales","category-region","tag-pullaro-dio-comienzo-al-operativo-de-distribucion-para-la-entrega-de-los-nuevos-uniformes-policiales"],"jetpack_publicize_connections":[],"jetpack_featured_media_url":"https:\/\/armstrongyregion.com.ar\/diario\/wp-content\/uploads\/2018\/04\/pullaro-.jpeg","jetpack_shortlink":"https:\/\/wp.me\/p62QDO-4ql","jetpack_sharing_enabled":true,"amp_enabled":true,"_links":{"self":[{"href":"https:\/\/armstrongyregion.com.ar\/diario\/wp-json\/wp\/v2\/posts\/17009","targetHints":{"allow":["GET"]}}],"collection":[{"href":"https:\/\/armstrongyregion.com.ar\/diario\/wp-json\/wp\/v2\/posts"}],"about":[{"href":"https:\/\/armstrongyregion.com.ar\/diario\/wp-json\/wp\/v2\/types\/post"}],"author":[{"embeddable":true,"href":"https:\/\/armstrongyregion.com.ar\/diario\/wp-json\/wp\/v2\/users\/1"}],"replies":[{"embeddable":true,"href":"https:\/\/armstrongyregion.com.ar\/diario\/wp-json\/wp\/v2\/comments?post=17009"}],"version-history":[{"count":0,"href":"https:\/\/armstrongyregion.com.ar\/diario\/wp-json\/wp\/v2\/posts\/17009\/revisions"}],"wp:featuredmedia":[{"embeddable":true,"href":"https:\/\/armstrongyregion.com.ar\/diario\/wp-json\/wp\/v2\/media\/17010"}],"wp:attachment":[{"href":"https:\/\/armstrongyregion.com.ar\/diario\/wp-json\/wp\/v2\/media?parent=17009"}],"wp:term":[{"taxonomy":"category","embeddable":true,"href":"https:\/\/armstrongyregion.com.ar\/diario\/wp-json\/wp\/v2\/categories?post=17009"},{"taxonomy":"post_tag","embeddable":true,"href":"https:\/\/armstrongyregion.com.ar\/diario\/wp-json\/wp\/v2\/tags?post=17009"}],"curies":[{"name":"wp","href":"https:\/\/api.w.org\/{rel}","templated":true}]}}