{"id":17000,"date":"2018-04-25T22:05:24","date_gmt":"2018-04-25T22:05:24","guid":{"rendered":"https:\/\/armstrongyregion.com.ar\/diario\/?p=17000"},"modified":"2018-04-25T22:05:24","modified_gmt":"2018-04-25T22:05:24","slug":"macri-visito-las-localidades-de-las-rosas-armstrong-y-las-parejas","status":"publish","type":"post","link":"https:\/\/armstrongyregion.com.ar\/diario\/macri-visito-las-localidades-de-las-rosas-armstrong-y-las-parejas\/","title":{"rendered":"Macri visit\u00f3 las localidades de Las Rosas, Armstrong y Las Parejas."},"content":{"rendered":"<p><div id=\"attachment_17001\" style=\"width: 1010px\" class=\"wp-caption alignnone\"><a href=\"http:\/\/armstrongyregion.com.ar\/diario\/wp-content\/uploads\/2018\/04\/787-macfri.jpg\"><img loading=\"lazy\" decoding=\"async\" aria-describedby=\"caption-attachment-17001\" src=\"http:\/\/armstrongyregion.com.ar\/diario\/wp-content\/uploads\/2018\/04\/787-macfri.jpg\" alt=\"T\u00e9lam 25\/04\/2018 Buenos Aires: El presidente Mauricio Macri recorri\u00f3 hoy la planta de la empresa metal\u00fargica Crucianelli que produce m\u00e1quinas agr\u00edcolas en Amstrong, acompa\u00f1ado por el gobernador provincial, Miguel Lifschitz; el ministro de Producci\u00f3n de la Naci\u00f3n, Francisco Cabrera; y el secretario general de la Presidencia, Fernando de Andreis. Foto:Presidencia\" width=\"1000\" height=\"570\" class=\"size-full wp-image-17001\" srcset=\"https:\/\/armstrongyregion.com.ar\/diario\/wp-content\/uploads\/2018\/04\/787-macfri.jpg 1000w, https:\/\/armstrongyregion.com.ar\/diario\/wp-content\/uploads\/2018\/04\/787-macfri-300x171.jpg 300w\" sizes=\"auto, (max-width: 1000px) 100vw, 1000px\" \/><\/a><p id=\"caption-attachment-17001\" class=\"wp-caption-text\">T\u00e9lam 25\/04\/2018<br \/>Buenos Aires: El presidente Mauricio Macri recorri\u00f3 hoy la planta de la empresa metal\u00fargica Crucianelli que produce m\u00e1quinas agr\u00edcolas en Amstrong, acompa\u00f1ado por el gobernador provincial, Miguel Lifschitz; el ministro de Producci\u00f3n de la Naci\u00f3n, Francisco Cabrera; y el secretario general de la Presidencia, Fernando de Andreis. Foto:Presidencia<\/p><\/div>\u00abLa desigualdad contin\u00faa y en Santa Fe y C\u00f3rdoba pagamos la luz y las tarifas m\u00e1s caras que en Buenos Aires\u00bb, confirm\u00f3 Macri en su visita a nuestra regi\u00f3n.<br \/>\nEl Presidente, que s\u00f3lo tuvo di\u00e1logo con la prensa en Las Rosas, dijo que el aumento de las tarifas es la \u00fanica salida a la actual crisis energ\u00e9tica.<br \/>\nEl presidente de la Naci\u00f3n, Mauricio Macri visit\u00f3 hoy las localidades santafesinas de Las Rosas, Armstrong y Las Parejas, donde asisti\u00f3 a la inauguraci\u00f3n de la ampliaci\u00f3n de la f\u00e1brica de sembradoras CRUCIANELLI y encabez\u00f3 un encuentro de la Mesa de Maquinaria Agr\u00edcola. <\/p>\n<p>\u201cLa maquinaria agr\u00edcola es uno de los grandes motores que tenemos en el pa\u00eds para generar empleo y acompa\u00f1a a la agroindustria m\u00e1s all\u00e1 del avance de la energ\u00eda y de la construcci\u00f3n\u201d, expres\u00f3 Macri tras la reuni\u00f3n en Las Parejas. <\/p>\n<p>El jefe de Estado estuvo adem\u00e1s en un jard\u00edn de infantes de Las Rosas, donde dio una conferencia de prensa en la que habl\u00f3 del aumento de tarifas y destac\u00f3 la importancia del ahorro energ\u00e9tico \u201cSi el pa\u00eds no tiene energ\u00eda, no puede crecer\u201d, dijo. \u201cLamentablemente, no hay otra salida: la energ\u00eda cuesta generarla, transportarla y distribuirla\u201d, dispar\u00f3. <\/p>\n<p>\u201cLas empresas distribuidoras est\u00e1n invirtiendo como no lo hac\u00edan desde hace muchos a\u00f1os y en los pr\u00f3ximos cinco van a mejorar la distribuci\u00f3n\u201d, sostuvo, al tiempo que indic\u00f3 que la Naci\u00f3n \u201cest\u00e1 haciendo obras importante para llevar el gas a lugares donde no existen\u201d.<\/p>\n","protected":false},"excerpt":{"rendered":"<p>\u00abLa desigualdad contin\u00faa y en Santa Fe y C\u00f3rdoba pagamos la luz y las tarifas m\u00e1s caras que en Buenos Aires\u00bb, confirm\u00f3 Macri en su visita a nuestra regi\u00f3n. El Presidente, que s\u00f3lo tuvo di\u00e1logo con la prensa en Las Rosas, dijo que el aumento de las tarifas es la \u00fanica salida a la actual <a href=\"https:\/\/armstrongyregion.com.ar\/diario\/macri-visito-las-localidades-de-las-rosas-armstrong-y-las-parejas\/\" title=\"Read more\" >&#8230;<\/a><\/p>\n","protected":false},"author":1,"featured_media":17001,"comment_status":"open","ping_status":"open","sticky":false,"template":"","format":"standard","meta":{"_jetpack_memberships_contains_paid_content":false,"footnotes":"","jetpack_publicize_message":"","jetpack_publicize_feature_enabled":true,"jetpack_social_post_already_shared":false,"jetpack_social_options":{"image_generator_settings":{"template":"highway","default_image_id":0,"enabled":false},"version":2}},"categories":[8,1,2,7,3],"tags":[6639,6638],"class_list":["post-17000","post","type-post","status-publish","format-standard","has-post-thumbnail","hentry","category-deliberando","category-diario-armstrong","category-locales","category-politica","category-region","tag-armstrong-y-las-parejas","tag-macri-visito-las-localidades-de-las-rosas"],"jetpack_publicize_connections":[],"jetpack_featured_media_url":"https:\/\/armstrongyregion.com.ar\/diario\/wp-content\/uploads\/2018\/04\/787-macfri.jpg","jetpack_shortlink":"https:\/\/wp.me\/p62QDO-4qc","jetpack_sharing_enabled":true,"amp_enabled":true,"_links":{"self":[{"href":"https:\/\/armstrongyregion.com.ar\/diario\/wp-json\/wp\/v2\/posts\/17000","targetHints":{"allow":["GET"]}}],"collection":[{"href":"https:\/\/armstrongyregion.com.ar\/diario\/wp-json\/wp\/v2\/posts"}],"about":[{"href":"https:\/\/armstrongyregion.com.ar\/diario\/wp-json\/wp\/v2\/types\/post"}],"author":[{"embeddable":true,"href":"https:\/\/armstrongyregion.com.ar\/diario\/wp-json\/wp\/v2\/users\/1"}],"replies":[{"embeddable":true,"href":"https:\/\/armstrongyregion.com.ar\/diario\/wp-json\/wp\/v2\/comments?post=17000"}],"version-history":[{"count":0,"href":"https:\/\/armstrongyregion.com.ar\/diario\/wp-json\/wp\/v2\/posts\/17000\/revisions"}],"wp:featuredmedia":[{"embeddable":true,"href":"https:\/\/armstrongyregion.com.ar\/diario\/wp-json\/wp\/v2\/media\/17001"}],"wp:attachment":[{"href":"https:\/\/armstrongyregion.com.ar\/diario\/wp-json\/wp\/v2\/media?parent=17000"}],"wp:term":[{"taxonomy":"category","embeddable":true,"href":"https:\/\/armstrongyregion.com.ar\/diario\/wp-json\/wp\/v2\/categories?post=17000"},{"taxonomy":"post_tag","embeddable":true,"href":"https:\/\/armstrongyregion.com.ar\/diario\/wp-json\/wp\/v2\/tags?post=17000"}],"curies":[{"name":"wp","href":"https:\/\/api.w.org\/{rel}","templated":true}]}}