{"id":16961,"date":"2018-04-22T23:54:34","date_gmt":"2018-04-22T23:54:34","guid":{"rendered":"https:\/\/armstrongyregion.com.ar\/diario\/?p=16961"},"modified":"2018-04-23T00:18:10","modified_gmt":"2018-04-23T00:18:10","slug":"proximamente-taller-expresarte-en-el-centro-equilibra-de-armstrong-2","status":"publish","type":"post","link":"https:\/\/armstrongyregion.com.ar\/diario\/proximamente-taller-expresarte-en-el-centro-equilibra-de-armstrong-2\/","title":{"rendered":"Pr\u00f3ximamente Taller Expresarte en el Centro \u201cEQUILIBRA\u201d de Armstrong."},"content":{"rendered":"<p><a href=\"http:\/\/armstrongyregion.com.ar\/diario\/wp-content\/uploads\/2018\/04\/DSC_0096.jpg\"><img loading=\"lazy\" decoding=\"async\" src=\"http:\/\/armstrongyregion.com.ar\/diario\/wp-content\/uploads\/2018\/04\/DSC_0096-1024x683.jpg\" alt=\"Soledad-Martino-\" width=\"800\" height=\"534\" class=\"alignnone size-large wp-image-16962\" srcset=\"https:\/\/armstrongyregion.com.ar\/diario\/wp-content\/uploads\/2018\/04\/DSC_0096-1024x683.jpg 1024w, https:\/\/armstrongyregion.com.ar\/diario\/wp-content\/uploads\/2018\/04\/DSC_0096-300x200.jpg 300w\" sizes=\"auto, (max-width: 800px) 100vw, 800px\" \/><\/a>\u201cEXPRESARTE\u201d: Es un taller, en donde dos profesionales acompa\u00f1an y apuntalan al ni\u00f1o en el proceso de aprendizaje de habilidades emocionales, que se ponen en pr\u00e1ctica dentro de un grupo compuesto por ni\u00f1os de la misma edad, en un marco de comprensi\u00f3n y respeto por el otro.<br \/>\n<a href=\"http:\/\/armstrongyregion.com.ar\/diario\/wp-content\/uploads\/2018\/04\/Taller-Expresarte-1.jpg\"><img loading=\"lazy\" decoding=\"async\" src=\"http:\/\/armstrongyregion.com.ar\/diario\/wp-content\/uploads\/2018\/04\/Taller-Expresarte-1.jpg\" alt=\"Taller-Expresarte-\" width=\"960\" height=\"678\" class=\"alignnone size-full wp-image-16963\" srcset=\"https:\/\/armstrongyregion.com.ar\/diario\/wp-content\/uploads\/2018\/04\/Taller-Expresarte-1.jpg 960w, https:\/\/armstrongyregion.com.ar\/diario\/wp-content\/uploads\/2018\/04\/Taller-Expresarte-1-300x212.jpg 300w\" sizes=\"auto, (max-width: 960px) 100vw, 960px\" \/><\/a>Se brindaran charlas para padres, donde se facilitaran estrategias sobre crianza, favoreciendo el v\u00ednculo padres-hijos, la conexi\u00f3n emocional entre ellos y la puesta de l\u00edmites de una manera respetuosa.<br \/>\nEl desarrollo de la INTELIGENCIA EMOCIONAL, implica el entrenamiento en: conocimiento de uno mismo, autorregulaci\u00f3n, empat\u00eda, motivaci\u00f3n y habilidades sociales con el objeto de contribuir al desarrollo personal, la autogesti\u00f3n de la felicidad, autonom\u00eda y promoci\u00f3n de la salud, tan importantes para mejorar la calidad de vida de cada persona.<br \/>\nCoordina: Psic\u00f3loga Soledad Martino: Matricula N. 6515.<br \/>\nLugar: \u201cEquilibra\u201d Centro de Medicina y Salud-<br \/>\nSanguinetti 1682- Armstrong.<br \/>\nTel\u00e9fono: 03471 49-0533<br \/>\nFuente: Programa Televisivo Prevenci\u00f3n y Salud.<br \/>\nPrograma Estreno: Lunes 23 de Abril 2018- Reiteraci\u00f3n Jueves 20hs y s\u00e1bados 12,30hs<\/p>\n","protected":false},"excerpt":{"rendered":"<p>\u201cEXPRESARTE\u201d: Es un taller, en donde dos profesionales acompa\u00f1an y apuntalan al ni\u00f1o en el proceso de aprendizaje de habilidades emocionales, que se ponen en pr\u00e1ctica dentro de un grupo compuesto por ni\u00f1os de la misma edad, en un marco de comprensi\u00f3n y respeto por el otro. Se brindaran charlas para padres, donde se facilitaran <a href=\"https:\/\/armstrongyregion.com.ar\/diario\/proximamente-taller-expresarte-en-el-centro-equilibra-de-armstrong-2\/\" title=\"Read more\" >&#8230;<\/a><\/p>\n","protected":false},"author":1,"featured_media":16962,"comment_status":"open","ping_status":"open","sticky":false,"template":"","format":"standard","meta":{"_jetpack_memberships_contains_paid_content":false,"footnotes":"","jetpack_publicize_message":"","jetpack_publicize_feature_enabled":true,"jetpack_social_post_already_shared":false,"jetpack_social_options":{"image_generator_settings":{"template":"highway","default_image_id":0,"enabled":false},"version":2}},"categories":[6,1,2,4,3],"tags":[6569],"class_list":["post-16961","post","type-post","status-publish","format-standard","has-post-thumbnail","hentry","category-cultura-entretenimiento","category-diario-armstrong","category-locales","category-prevencion-salud","category-region","tag-proximamente-taller-expresarte-en-el-centro-equilibra-de-armstrong"],"jetpack_publicize_connections":[],"jetpack_featured_media_url":"https:\/\/armstrongyregion.com.ar\/diario\/wp-content\/uploads\/2018\/04\/DSC_0096.jpg","jetpack_shortlink":"https:\/\/wp.me\/p62QDO-4pz","jetpack_sharing_enabled":true,"amp_enabled":true,"_links":{"self":[{"href":"https:\/\/armstrongyregion.com.ar\/diario\/wp-json\/wp\/v2\/posts\/16961","targetHints":{"allow":["GET"]}}],"collection":[{"href":"https:\/\/armstrongyregion.com.ar\/diario\/wp-json\/wp\/v2\/posts"}],"about":[{"href":"https:\/\/armstrongyregion.com.ar\/diario\/wp-json\/wp\/v2\/types\/post"}],"author":[{"embeddable":true,"href":"https:\/\/armstrongyregion.com.ar\/diario\/wp-json\/wp\/v2\/users\/1"}],"replies":[{"embeddable":true,"href":"https:\/\/armstrongyregion.com.ar\/diario\/wp-json\/wp\/v2\/comments?post=16961"}],"version-history":[{"count":0,"href":"https:\/\/armstrongyregion.com.ar\/diario\/wp-json\/wp\/v2\/posts\/16961\/revisions"}],"wp:featuredmedia":[{"embeddable":true,"href":"https:\/\/armstrongyregion.com.ar\/diario\/wp-json\/wp\/v2\/media\/16962"}],"wp:attachment":[{"href":"https:\/\/armstrongyregion.com.ar\/diario\/wp-json\/wp\/v2\/media?parent=16961"}],"wp:term":[{"taxonomy":"category","embeddable":true,"href":"https:\/\/armstrongyregion.com.ar\/diario\/wp-json\/wp\/v2\/categories?post=16961"},{"taxonomy":"post_tag","embeddable":true,"href":"https:\/\/armstrongyregion.com.ar\/diario\/wp-json\/wp\/v2\/tags?post=16961"}],"curies":[{"name":"wp","href":"https:\/\/api.w.org\/{rel}","templated":true}]}}