{"id":1695,"date":"2015-04-12T17:12:40","date_gmt":"2015-04-12T17:12:40","guid":{"rendered":"https:\/\/armstrongyregion.com.ar\/diario\/?p=1695"},"modified":"2015-04-12T17:12:40","modified_gmt":"2015-04-12T17:12:40","slug":"emiliano-gramigna-realizo-un-balance-de-campana","status":"publish","type":"post","link":"https:\/\/armstrongyregion.com.ar\/diario\/emiliano-gramigna-realizo-un-balance-de-campana\/","title":{"rendered":"Emiliano Gramigna realiz\u00f3 un balance de campa\u00f1a."},"content":{"rendered":"<p><a href=\"http:\/\/armstrongyregion.com.ar\/diario\/wp-content\/uploads\/2015\/04\/Emiliano-Gramigna-076.jpg\"><img loading=\"lazy\" decoding=\"async\" class=\"alignnone size-medium wp-image-1696\" src=\"http:\/\/armstrongyregion.com.ar\/diario\/wp-content\/uploads\/2015\/04\/Emiliano-Gramigna-076-300x166.jpg\" alt=\"Emiliano Gramigna \" width=\"300\" height=\"166\" srcset=\"https:\/\/armstrongyregion.com.ar\/diario\/wp-content\/uploads\/2015\/04\/Emiliano-Gramigna-076-300x166.jpg 300w, https:\/\/armstrongyregion.com.ar\/diario\/wp-content\/uploads\/2015\/04\/Emiliano-Gramigna-076.jpg 768w\" sizes=\"auto, (max-width: 300px) 100vw, 300px\" \/><\/a>Emiliano Gramigna, Pre-candidato a concejal por Renovaci\u00f3n por Armstrong, realizo un balance de su campa\u00f1a de cara a las elecciones primarias, donde expreso su felicidad por el recibimiento y el apoyo por parte de los vecinos de la ciudad. \u201cTenemos proyectos que que est\u00e1n pensados para solucionarle los problemas a nuestra gente, no prometemos nada alejado de la realidad, queremos trabajar en seguridad, desag\u00fces, salud y fumigaciones, para eso sabemos que a partir del 10 de diciembre tenemos que ponernos la camiseta de Armstrong, despojarnos de las banderas partidarias y tirar oficialistas y opositores todos para un mismo lado, pensando que cuando seamos elegidos vamos a representar a todos los ciudadanos, no s\u00f3lo a los que nos votaron\u201d<br \/>\nEn cuanto a la campa\u00f1a y al desarrollo de la misma, Emiliano Gramigna expres\u00f3 \u201c Hacemos una campa\u00f1a austera porque no contamos con gran cantidad de recursos m\u00e1s que el fruto de nuestro trabajo, por eso invertimos menos en carteles y publicidad y m\u00e1s en equipos t\u00e9cnicos y en formarnos para una mejor soluci\u00f3n de los problemas de la gente, es por eso que nos formamos en seguridad con el asesoramiento del Municipio de Tigre y de San Miguel para poder hablar y proponer seguridad en la ciudad con los fundamentos t\u00e9cnicos que lo sustenten\u201d.<br \/>\nAl ser consultado por su visi\u00f3n de lo que ser\u00e1n las elecciones primarias, manifest\u00f3 \u201cCreemos que la juventud y la verdadera renovaci\u00f3n va a ser la que triunfe en las elecciones, proponemos una opci\u00f3n para el 19 de abril que no s\u00f3lo se pone en juego la elecci\u00f3n de un nuevo candidato o una lista de nuevos candidatos, sino que se tiene la opci\u00f3n de elegir una nueva generaci\u00f3n de dirigentes que quiere hacerse cargo del presente de la ciudad con responsabilidad, que no trae los viejos vicios de la pol\u00edtica ni los rencores del pasado, que fundamentalmente est\u00e1 pensando en el bienestar de la ciudad y en solucionarle los problemas a los vecinos\u201d.<\/p>\n","protected":false},"excerpt":{"rendered":"<p>Emiliano Gramigna, Pre-candidato a concejal por Renovaci\u00f3n por Armstrong, realizo un balance de su campa\u00f1a de cara a las elecciones primarias, donde expreso su felicidad por el recibimiento y el apoyo por parte de los vecinos de la ciudad. \u201cTenemos proyectos que que est\u00e1n pensados para solucionarle los problemas a nuestra gente, no prometemos nada <a href=\"https:\/\/armstrongyregion.com.ar\/diario\/emiliano-gramigna-realizo-un-balance-de-campana\/\" title=\"Read more\" >&#8230;<\/a><\/p>\n","protected":false},"author":2,"featured_media":1696,"comment_status":"open","ping_status":"open","sticky":false,"template":"","format":"standard","meta":{"_jetpack_memberships_contains_paid_content":false,"footnotes":"","jetpack_publicize_message":"","jetpack_publicize_feature_enabled":true,"jetpack_social_post_already_shared":false,"jetpack_social_options":{"image_generator_settings":{"template":"highway","default_image_id":0,"enabled":false},"version":2}},"categories":[1,2,7],"tags":[237,1007,19,141,979,87,192],"class_list":["post-1695","post","type-post","status-publish","format-standard","has-post-thumbnail","hentry","category-diario-armstrong","category-locales","category-politica","tag-balance","tag-campana","tag-de","tag-emiliano","tag-gramigna","tag-realizo","tag-un"],"jetpack_publicize_connections":[],"jetpack_featured_media_url":"https:\/\/armstrongyregion.com.ar\/diario\/wp-content\/uploads\/2015\/04\/Emiliano-Gramigna-076.jpg","jetpack_shortlink":"https:\/\/wp.me\/p62QDO-rl","jetpack_sharing_enabled":true,"amp_enabled":true,"_links":{"self":[{"href":"https:\/\/armstrongyregion.com.ar\/diario\/wp-json\/wp\/v2\/posts\/1695","targetHints":{"allow":["GET"]}}],"collection":[{"href":"https:\/\/armstrongyregion.com.ar\/diario\/wp-json\/wp\/v2\/posts"}],"about":[{"href":"https:\/\/armstrongyregion.com.ar\/diario\/wp-json\/wp\/v2\/types\/post"}],"author":[{"embeddable":true,"href":"https:\/\/armstrongyregion.com.ar\/diario\/wp-json\/wp\/v2\/users\/2"}],"replies":[{"embeddable":true,"href":"https:\/\/armstrongyregion.com.ar\/diario\/wp-json\/wp\/v2\/comments?post=1695"}],"version-history":[{"count":0,"href":"https:\/\/armstrongyregion.com.ar\/diario\/wp-json\/wp\/v2\/posts\/1695\/revisions"}],"wp:featuredmedia":[{"embeddable":true,"href":"https:\/\/armstrongyregion.com.ar\/diario\/wp-json\/wp\/v2\/media\/1696"}],"wp:attachment":[{"href":"https:\/\/armstrongyregion.com.ar\/diario\/wp-json\/wp\/v2\/media?parent=1695"}],"wp:term":[{"taxonomy":"category","embeddable":true,"href":"https:\/\/armstrongyregion.com.ar\/diario\/wp-json\/wp\/v2\/categories?post=1695"},{"taxonomy":"post_tag","embeddable":true,"href":"https:\/\/armstrongyregion.com.ar\/diario\/wp-json\/wp\/v2\/tags?post=1695"}],"curies":[{"name":"wp","href":"https:\/\/api.w.org\/{rel}","templated":true}]}}