{"id":16929,"date":"2018-04-19T15:05:39","date_gmt":"2018-04-19T15:05:39","guid":{"rendered":"https:\/\/armstrongyregion.com.ar\/diario\/?p=16929"},"modified":"2018-04-19T15:05:39","modified_gmt":"2018-04-19T15:05:39","slug":"en-busca-de-innovaciones-y-negocios-para-el-mueble-canadense","status":"publish","type":"post","link":"https:\/\/armstrongyregion.com.ar\/diario\/en-busca-de-innovaciones-y-negocios-para-el-mueble-canadense\/","title":{"rendered":"En busca de innovaciones y negocios para el mueble ca\u00f1adense."},"content":{"rendered":"<p><a href=\"http:\/\/armstrongyregion.com.ar\/diario\/wp-content\/uploads\/2018\/04\/Muebles-ca\u00f1ada.jpeg\"><img loading=\"lazy\" decoding=\"async\" src=\"http:\/\/armstrongyregion.com.ar\/diario\/wp-content\/uploads\/2018\/04\/Muebles-ca\u00f1ada.jpeg\" alt=\"Muebles-ca\u00f1ada\" width=\"768\" height=\"576\" class=\"alignnone size-full wp-image-16930\" srcset=\"https:\/\/armstrongyregion.com.ar\/diario\/wp-content\/uploads\/2018\/04\/Muebles-ca\u00f1ada.jpeg 768w, https:\/\/armstrongyregion.com.ar\/diario\/wp-content\/uploads\/2018\/04\/Muebles-ca\u00f1ada-300x225.jpeg 300w\" sizes=\"auto, (max-width: 768px) 100vw, 768px\" \/><\/a>La intendenta, invitada por FUDECA, encabeza una misi\u00f3n en Italia junto a autoridades provinciales y del Centro Econ\u00f3mico. El objetivo es dotar de ventajas comparativas a la industria del mueble con nuevos dise\u00f1os.<\/p>\n<p>Una delegaci\u00f3n de instituciones de Ca\u00f1ada de G\u00f3mez, encabezada por la intendenta Stella Cl\u00e9rici, lleva adelante una misi\u00f3n en la Feria Internacional de Dise\u00f1o del Mueble en Mil\u00e1n, en busca de innovaciones para este sector emblem\u00e1tico para la econom\u00eda local. Invitada por FUDECA, es la primera vez que la mandataria forma parte de la comitiva, que durante varias jornadas tendr\u00e1 una ajetreada agenda, que incluye recorridos por industrias, mesas de negocios, gestiones institucionales, entre otras acciones.<br \/>\nLa intendenta ya mantuvo un encuentro con el C\u00f3nsul General de la Rep\u00fablica Argentina en Milano, Cristi\u00e1n Dellepiane Rawson, con quien dialog\u00f3 sobre los rasgos de la industria local y  a quien entreg\u00f3 presentes institucionales.  Durante la jornada de hoy estaba prevista una visita a IPSIA G. Meroni, Escuela para la Industria de la Madera, del Mueble y de la Decoraci\u00f3n, un instituto hist\u00f3rico en lo que se refiere a la especializaci\u00f3n para el sector, con laboratorios de control num\u00e9rico, de carpinter\u00eda, textil, tecnolog\u00eda y dise\u00f1o.<br \/>\n\u201cCa\u00f1ada fue pionera en instalar parques industriales, proveyendo de infraestructura y tecnolog\u00eda necesaria para que industrias importantes elijan a  nuestra ciudad como destino de inversi\u00f3n y ampliaci\u00f3n. Este es un paso m\u00e1s que damos desde el sector p\u00fablico, en armon\u00eda con el sector privado, para dotar de tecnificaci\u00f3n e innovaciones a un sector vital para nuestra econom\u00eda\u201d, defini\u00f3 Cl\u00e9rici.<br \/>\nLa delegaci\u00f3n adem\u00e1s est\u00e1 integrada por el subsecretario de Comercio Exterior Carlos Braga, el presidente de Adeessa Beltr\u00e1n L\u00f3ez, el secretario de la Producci\u00f3n Marcelo Cogno y el presidente de la C\u00e1mara de la Industria Maderera Cesar Federici.<\/p>\n","protected":false},"excerpt":{"rendered":"<p>La intendenta, invitada por FUDECA, encabeza una misi\u00f3n en Italia junto a autoridades provinciales y del Centro Econ\u00f3mico. El objetivo es dotar de ventajas comparativas a la industria del mueble con nuevos dise\u00f1os. Una delegaci\u00f3n de instituciones de Ca\u00f1ada de G\u00f3mez, encabezada por la intendenta Stella Cl\u00e9rici, lleva adelante una misi\u00f3n en la Feria Internacional <a href=\"https:\/\/armstrongyregion.com.ar\/diario\/en-busca-de-innovaciones-y-negocios-para-el-mueble-canadense\/\" title=\"Read more\" >&#8230;<\/a><\/p>\n","protected":false},"author":1,"featured_media":16930,"comment_status":"open","ping_status":"open","sticky":false,"template":"","format":"standard","meta":{"_jetpack_memberships_contains_paid_content":false,"footnotes":"","jetpack_publicize_message":"","jetpack_publicize_feature_enabled":true,"jetpack_social_post_already_shared":false,"jetpack_social_options":{"image_generator_settings":{"template":"highway","default_image_id":0,"enabled":false},"version":2}},"categories":[8,1,7,3],"tags":[6621],"class_list":["post-16929","post","type-post","status-publish","format-standard","has-post-thumbnail","hentry","category-deliberando","category-diario-armstrong","category-politica","category-region","tag-en-busca-de-innovaciones-y-negocios-para-el-mueble-canadense"],"jetpack_publicize_connections":[],"jetpack_featured_media_url":"https:\/\/armstrongyregion.com.ar\/diario\/wp-content\/uploads\/2018\/04\/Muebles-ca\u00f1ada.jpeg","jetpack_shortlink":"https:\/\/wp.me\/p62QDO-4p3","jetpack_sharing_enabled":true,"amp_enabled":true,"_links":{"self":[{"href":"https:\/\/armstrongyregion.com.ar\/diario\/wp-json\/wp\/v2\/posts\/16929","targetHints":{"allow":["GET"]}}],"collection":[{"href":"https:\/\/armstrongyregion.com.ar\/diario\/wp-json\/wp\/v2\/posts"}],"about":[{"href":"https:\/\/armstrongyregion.com.ar\/diario\/wp-json\/wp\/v2\/types\/post"}],"author":[{"embeddable":true,"href":"https:\/\/armstrongyregion.com.ar\/diario\/wp-json\/wp\/v2\/users\/1"}],"replies":[{"embeddable":true,"href":"https:\/\/armstrongyregion.com.ar\/diario\/wp-json\/wp\/v2\/comments?post=16929"}],"version-history":[{"count":0,"href":"https:\/\/armstrongyregion.com.ar\/diario\/wp-json\/wp\/v2\/posts\/16929\/revisions"}],"wp:featuredmedia":[{"embeddable":true,"href":"https:\/\/armstrongyregion.com.ar\/diario\/wp-json\/wp\/v2\/media\/16930"}],"wp:attachment":[{"href":"https:\/\/armstrongyregion.com.ar\/diario\/wp-json\/wp\/v2\/media?parent=16929"}],"wp:term":[{"taxonomy":"category","embeddable":true,"href":"https:\/\/armstrongyregion.com.ar\/diario\/wp-json\/wp\/v2\/categories?post=16929"},{"taxonomy":"post_tag","embeddable":true,"href":"https:\/\/armstrongyregion.com.ar\/diario\/wp-json\/wp\/v2\/tags?post=16929"}],"curies":[{"name":"wp","href":"https:\/\/api.w.org\/{rel}","templated":true}]}}