{"id":16926,"date":"2018-04-19T14:57:38","date_gmt":"2018-04-19T14:57:38","guid":{"rendered":"https:\/\/armstrongyregion.com.ar\/diario\/?p=16926"},"modified":"2018-04-19T14:57:38","modified_gmt":"2018-04-19T14:57:38","slug":"canada-sera-sede-de-un-encuentro-nacional-de-jovenes","status":"publish","type":"post","link":"https:\/\/armstrongyregion.com.ar\/diario\/canada-sera-sede-de-un-encuentro-nacional-de-jovenes\/","title":{"rendered":"Ca\u00f1ada sera sede de un encuentro nacional de jovenes."},"content":{"rendered":"<p><a href=\"http:\/\/armstrongyregion.com.ar\/diario\/wp-content\/uploads\/2018\/04\/Rasetto-Jovenes-.jpg\"><img loading=\"lazy\" decoding=\"async\" src=\"http:\/\/armstrongyregion.com.ar\/diario\/wp-content\/uploads\/2018\/04\/Rasetto-Jovenes-.jpg\" alt=\"Rasetto-Jovenes-\" width=\"806\" height=\"557\" class=\"alignnone size-full wp-image-16927\" srcset=\"https:\/\/armstrongyregion.com.ar\/diario\/wp-content\/uploads\/2018\/04\/Rasetto-Jovenes-.jpg 806w, https:\/\/armstrongyregion.com.ar\/diario\/wp-content\/uploads\/2018\/04\/Rasetto-Jovenes--300x207.jpg 300w\" sizes=\"auto, (max-width: 806px) 100vw, 806px\" \/><\/a>Los d\u00edas lunes 16 y martes 17 de abril se realiz\u00f3 un Encuentro de Coordinadores y Responsables de Muestras itinerantes del Centro Ana Frank Argentina en la Casa del Senado, en Ca\u00f1ada de Gomez. Del mismo participaron representantes de 5 provincias, Neuqu\u00e9n, C\u00f3rdoba, Santa F\u00e9, Misiones y Buenos Aires. Los participantes son personas que se involucraron con los proyectos del Centro Ana Frank Argentina en los \u00faltimos a\u00f1os. Uno de los objetivos principales del encuentro era el poder reflexionar y evaluar la diversidad de experiencias educativas llevadas a cabo por los participantes en sus localidades. Tambi\u00e9n poder proyectar acciones a futuro, entre ellas, el 4\u00b0 Encuentro Nacional de J\u00f3venes del Centro Ana Frank que se realizar\u00e1 en el Departamento Iriondo.<\/p>\n<p>Este Encuentro de Coordinadores marca el lanzamiento oficial del 4\u00b0Encuentro Nacional de J\u00f3venes que se realizar\u00e1 los d\u00edas 2, 3 y 4 de junio en Ca\u00f1ada de G\u00f3mez, impulsado por el Senador Hugo Jes\u00fas Rasetto y el Centro Ana Frank Argentina. Este Encuentro juntar\u00e1 a 200 j\u00f3venes de todo el pa\u00eds que participaron de actividades del Centro Ana Frank o est\u00e1n interesados en acercarse a las tem\u00e1ticas. Durante la reuni\u00f3n de coordinadores este lunes y martes se tuvo la oportunidad de profundizar en el programa del Encuentro Nacional de J\u00f3venes, conocer el lugar en el que se realizar\u00e1n las actividades y poder evaluar las acciones de convocatoria y preparaci\u00f3n previas para el buen desarrollo del proyecto.<\/p>\n","protected":false},"excerpt":{"rendered":"<p>Los d\u00edas lunes 16 y martes 17 de abril se realiz\u00f3 un Encuentro de Coordinadores y Responsables de Muestras itinerantes del Centro Ana Frank Argentina en la Casa del Senado, en Ca\u00f1ada de Gomez. Del mismo participaron representantes de 5 provincias, Neuqu\u00e9n, C\u00f3rdoba, Santa F\u00e9, Misiones y Buenos Aires. Los participantes son personas que se <a href=\"https:\/\/armstrongyregion.com.ar\/diario\/canada-sera-sede-de-un-encuentro-nacional-de-jovenes\/\" title=\"Read more\" >&#8230;<\/a><\/p>\n","protected":false},"author":1,"featured_media":16927,"comment_status":"open","ping_status":"open","sticky":false,"template":"","format":"standard","meta":{"_jetpack_memberships_contains_paid_content":false,"footnotes":"","jetpack_publicize_message":"","jetpack_publicize_feature_enabled":true,"jetpack_social_post_already_shared":false,"jetpack_social_options":{"image_generator_settings":{"template":"highway","default_image_id":0,"enabled":false},"version":2}},"categories":[1,7,3],"tags":[6620],"class_list":["post-16926","post","type-post","status-publish","format-standard","has-post-thumbnail","hentry","category-diario-armstrong","category-politica","category-region","tag-canada-sera-sede-de-un-encuentro-nacional-de-jovenes"],"jetpack_publicize_connections":[],"jetpack_featured_media_url":"https:\/\/armstrongyregion.com.ar\/diario\/wp-content\/uploads\/2018\/04\/Rasetto-Jovenes-.jpg","jetpack_shortlink":"https:\/\/wp.me\/p62QDO-4p0","jetpack_sharing_enabled":true,"amp_enabled":true,"_links":{"self":[{"href":"https:\/\/armstrongyregion.com.ar\/diario\/wp-json\/wp\/v2\/posts\/16926","targetHints":{"allow":["GET"]}}],"collection":[{"href":"https:\/\/armstrongyregion.com.ar\/diario\/wp-json\/wp\/v2\/posts"}],"about":[{"href":"https:\/\/armstrongyregion.com.ar\/diario\/wp-json\/wp\/v2\/types\/post"}],"author":[{"embeddable":true,"href":"https:\/\/armstrongyregion.com.ar\/diario\/wp-json\/wp\/v2\/users\/1"}],"replies":[{"embeddable":true,"href":"https:\/\/armstrongyregion.com.ar\/diario\/wp-json\/wp\/v2\/comments?post=16926"}],"version-history":[{"count":0,"href":"https:\/\/armstrongyregion.com.ar\/diario\/wp-json\/wp\/v2\/posts\/16926\/revisions"}],"wp:featuredmedia":[{"embeddable":true,"href":"https:\/\/armstrongyregion.com.ar\/diario\/wp-json\/wp\/v2\/media\/16927"}],"wp:attachment":[{"href":"https:\/\/armstrongyregion.com.ar\/diario\/wp-json\/wp\/v2\/media?parent=16926"}],"wp:term":[{"taxonomy":"category","embeddable":true,"href":"https:\/\/armstrongyregion.com.ar\/diario\/wp-json\/wp\/v2\/categories?post=16926"},{"taxonomy":"post_tag","embeddable":true,"href":"https:\/\/armstrongyregion.com.ar\/diario\/wp-json\/wp\/v2\/tags?post=16926"}],"curies":[{"name":"wp","href":"https:\/\/api.w.org\/{rel}","templated":true}]}}