{"id":16918,"date":"2018-04-18T21:46:44","date_gmt":"2018-04-18T21:46:44","guid":{"rendered":"https:\/\/armstrongyregion.com.ar\/diario\/?p=16918"},"modified":"2018-04-18T23:50:05","modified_gmt":"2018-04-18T23:50:05","slug":"lifschitz-inauguro-el-nuevo-acceso-al-parque-industrial-de-armstrong","status":"publish","type":"post","link":"https:\/\/armstrongyregion.com.ar\/diario\/lifschitz-inauguro-el-nuevo-acceso-al-parque-industrial-de-armstrong\/","title":{"rendered":"Lifschitz inaugur\u00f3 el nuevo acceso al parque industrial de Armstrong."},"content":{"rendered":"<p><a href=\"http:\/\/armstrongyregion.com.ar\/diario\/wp-content\/uploads\/2018\/04\/Lifschitz-Ruta-15-.jpeg\"><img loading=\"lazy\" decoding=\"async\" src=\"http:\/\/armstrongyregion.com.ar\/diario\/wp-content\/uploads\/2018\/04\/Lifschitz-Ruta-15-.jpeg\" alt=\"Lifschitz-Ruta-15-\" width=\"768\" height=\"432\" class=\"alignnone size-full wp-image-16919\" srcset=\"https:\/\/armstrongyregion.com.ar\/diario\/wp-content\/uploads\/2018\/04\/Lifschitz-Ruta-15-.jpeg 768w, https:\/\/armstrongyregion.com.ar\/diario\/wp-content\/uploads\/2018\/04\/Lifschitz-Ruta-15--300x169.jpeg 300w\" sizes=\"auto, (max-width: 768px) 100vw, 768px\" \/><\/a>El gobernador Miguel Lifschitz inaugur\u00f3 este viernes el nuevo acceso del Parque Industrial de Armstrong, una obra que demand\u00f3 una inversi\u00f3n de 14,5 millones de pesos y conecta el \u00e1rea industrial con la zona urbana a trav\u00e9s de bicisendas que ser\u00e1n utilizada de forma recreativa por los vecinos de la localidad.<\/p>\n<p>\u00abEsta es una provincia que va para adelante en su producci\u00f3n, en el trabajo, en las inversiones, en el plan de obras que estamos llevando adelante con inversi\u00f3n p\u00fablica e inversi\u00f3n privada, con esfuerzo del Estado y de los empresarios para generar trabajo y tener una econom\u00eda mas competitiva\u00bb, explic\u00f3 Lifschitz.<\/p>\n<p>\u201cNo hay ninguna de las \u00e1reas de competencia en la que no estemos trabajando con proyectos y con una fuerte inversi\u00f3n p\u00fablica: tenemos obras en educaci\u00f3n, con inversiones en mas de 2100 establecimientos educativos; estamos invirtiendo en salud publica, en grandes hospitales, en Centros de Atenci\u00f3n Primaria; estamos invirtiendo en seguridad, mejorando la tecnolog\u00eda y la capacitaci\u00f3n. Y todo esto tiene que ver con una idea de provincia y de futuro que quede plasmado en la nueva Constituci\u00f3n de la provincia, que deje sentadas las bases de derechos y garant\u00edas para los ciudadanos, pero tambi\u00e9n para las lineas rectoras de crecimiento para las nuevas generaciones\u201d.<\/p>\n<p>La obra consisti\u00f3 en el mejoramiento del acceso al parque industrial desde la Ruta Provincial N\u00ba 15 por calle Flotron mediante una intersecci\u00f3n canalizada, destinada a los veh\u00edculos que ingresan por la autopista Rosario-C\u00f3rdoba.<\/p>\n<p>Esta intersecci\u00f3n se complet\u00f3 con la pavimentaci\u00f3n de la calle Flotron hasta el cruce con calle La Plata.<\/p>\n<p>Tambi\u00e9n se construyeron bicisendas que comunican a la zona urbana de Armstrong con el \u00e1rea industrial y que ser\u00e1n utilizadas a modo recreativo.<\/p>\n<p>Posteriormente, el gobernador recorri\u00f3 la empresa Cele, fabricantes de sembradoras.<\/p>\n<p>Adem\u00e1s, hizo entrega a la municipalidad de Armstrong, de un aporte de $ 1.008.719,22 para gastos de construcci\u00f3n de cord\u00f3n cuneta y entubado.<\/p>\n<p>PRESENTES<br \/>\nEl corte de cinta se llev\u00f3 acabo en la intersecci\u00f3n de la Ruta Provincial N\u00b0 15 y Acceso al \u00c1rea Industrial por calle Flotron, donde estuvieron presentes el ministro de Infraestructura y Transporte, Jos\u00e9 Garibay; el intendente de la ciudad de Armstrong, Pablo Verdecchia; el Diputado Miguel Sol\u00eds, y el senador por el departamento Belgrano, Guillermo Cornaglia, junto autoridades municipales, alumnos de escuelas, empresarios.<\/p>\n","protected":false},"excerpt":{"rendered":"<p>El gobernador Miguel Lifschitz inaugur\u00f3 este viernes el nuevo acceso del Parque Industrial de Armstrong, una obra que demand\u00f3 una inversi\u00f3n de 14,5 millones de pesos y conecta el \u00e1rea industrial con la zona urbana a trav\u00e9s de bicisendas que ser\u00e1n utilizada de forma recreativa por los vecinos de la localidad. \u00abEsta es una provincia <a href=\"https:\/\/armstrongyregion.com.ar\/diario\/lifschitz-inauguro-el-nuevo-acceso-al-parque-industrial-de-armstrong\/\" title=\"Read more\" >&#8230;<\/a><\/p>\n","protected":false},"author":1,"featured_media":16919,"comment_status":"open","ping_status":"open","sticky":false,"template":"","format":"standard","meta":{"_jetpack_memberships_contains_paid_content":false,"footnotes":"","jetpack_publicize_message":"","jetpack_publicize_feature_enabled":true,"jetpack_social_post_already_shared":false,"jetpack_social_options":{"image_generator_settings":{"template":"highway","default_image_id":0,"enabled":false},"version":2}},"categories":[8,1,2,7,3],"tags":[6619],"class_list":["post-16918","post","type-post","status-publish","format-standard","has-post-thumbnail","hentry","category-deliberando","category-diario-armstrong","category-locales","category-politica","category-region","tag-lifschitz-inauguro-el-nuevo-acceso-al-parque-industrial-de-armstrong"],"jetpack_publicize_connections":[],"jetpack_featured_media_url":"https:\/\/armstrongyregion.com.ar\/diario\/wp-content\/uploads\/2018\/04\/Lifschitz-Ruta-15-.jpeg","jetpack_shortlink":"https:\/\/wp.me\/p62QDO-4oS","jetpack_sharing_enabled":true,"amp_enabled":true,"_links":{"self":[{"href":"https:\/\/armstrongyregion.com.ar\/diario\/wp-json\/wp\/v2\/posts\/16918","targetHints":{"allow":["GET"]}}],"collection":[{"href":"https:\/\/armstrongyregion.com.ar\/diario\/wp-json\/wp\/v2\/posts"}],"about":[{"href":"https:\/\/armstrongyregion.com.ar\/diario\/wp-json\/wp\/v2\/types\/post"}],"author":[{"embeddable":true,"href":"https:\/\/armstrongyregion.com.ar\/diario\/wp-json\/wp\/v2\/users\/1"}],"replies":[{"embeddable":true,"href":"https:\/\/armstrongyregion.com.ar\/diario\/wp-json\/wp\/v2\/comments?post=16918"}],"version-history":[{"count":0,"href":"https:\/\/armstrongyregion.com.ar\/diario\/wp-json\/wp\/v2\/posts\/16918\/revisions"}],"wp:featuredmedia":[{"embeddable":true,"href":"https:\/\/armstrongyregion.com.ar\/diario\/wp-json\/wp\/v2\/media\/16919"}],"wp:attachment":[{"href":"https:\/\/armstrongyregion.com.ar\/diario\/wp-json\/wp\/v2\/media?parent=16918"}],"wp:term":[{"taxonomy":"category","embeddable":true,"href":"https:\/\/armstrongyregion.com.ar\/diario\/wp-json\/wp\/v2\/categories?post=16918"},{"taxonomy":"post_tag","embeddable":true,"href":"https:\/\/armstrongyregion.com.ar\/diario\/wp-json\/wp\/v2\/tags?post=16918"}],"curies":[{"name":"wp","href":"https:\/\/api.w.org\/{rel}","templated":true}]}}