{"id":16863,"date":"2018-04-15T15:21:54","date_gmt":"2018-04-15T15:21:54","guid":{"rendered":"https:\/\/armstrongyregion.com.ar\/diario\/?p=16863"},"modified":"2018-04-15T16:12:36","modified_gmt":"2018-04-15T16:12:36","slug":"hoy-feriade-colores-y-sabores-en-el-bracito-fuerte","status":"publish","type":"post","link":"https:\/\/armstrongyregion.com.ar\/diario\/hoy-feriade-colores-y-sabores-en-el-bracito-fuerte\/","title":{"rendered":"Hoy&#8230;Feria de Colores y Sabores en el Bracito Fuerte."},"content":{"rendered":"<p><a href=\"http:\/\/armstrongyregion.com.ar\/diario\/wp-content\/uploads\/2018\/03\/Feria-colores-.jpg\"><img loading=\"lazy\" decoding=\"async\" src=\"http:\/\/armstrongyregion.com.ar\/diario\/wp-content\/uploads\/2018\/03\/Feria-colores-.jpg\" alt=\"Feria-colores-\" width=\"768\" height=\"508\" class=\"alignnone size-full wp-image-16368\" srcset=\"https:\/\/armstrongyregion.com.ar\/diario\/wp-content\/uploads\/2018\/03\/Feria-colores-.jpg 768w, https:\/\/armstrongyregion.com.ar\/diario\/wp-content\/uploads\/2018\/03\/Feria-colores--300x198.jpg 300w\" sizes=\"auto, (max-width: 768px) 100vw, 768px\" \/><\/a>La Municipalidad de Armstrong invita a recorrer la Feria mensual de Sabores y Colores Locales que se realizar\u00e1 este domingo 15 de abril a partir de las 15:30 hs. en el paseo artesanal del parque Bracito Fuerte.<br \/>\nPanificaci\u00f3n, tejidos, chocolater\u00eda, ropa para grandes y chicos, accesorios, artesan\u00edas con distintos materiales, dulces caseros, bijouterie, adornos para el hogar y mucho m\u00e1s es lo que ponen a disposici\u00f3n del p\u00fablico mensualmente m\u00e1s de 40 expositores de nuestra ciudad y la regi\u00f3n.<br \/>\nComo siempre, se contar\u00e1 con servicio de buffet <\/p>\n","protected":false},"excerpt":{"rendered":"<p>La Municipalidad de Armstrong invita a recorrer la Feria mensual de Sabores y Colores Locales que se realizar\u00e1 este domingo 15 de abril a partir de las 15:30 hs. en el paseo artesanal del parque Bracito Fuerte. Panificaci\u00f3n, tejidos, chocolater\u00eda, ropa para grandes y chicos, accesorios, artesan\u00edas con distintos materiales, dulces caseros, bijouterie, adornos para <a href=\"https:\/\/armstrongyregion.com.ar\/diario\/hoy-feriade-colores-y-sabores-en-el-bracito-fuerte\/\" title=\"Read more\" >&#8230;<\/a><\/p>\n","protected":false},"author":1,"featured_media":10822,"comment_status":"open","ping_status":"open","sticky":false,"template":"","format":"standard","meta":{"_jetpack_memberships_contains_paid_content":false,"footnotes":"","jetpack_publicize_message":"","jetpack_publicize_feature_enabled":true,"jetpack_social_post_already_shared":false,"jetpack_social_options":{"image_generator_settings":{"template":"highway","default_image_id":0,"enabled":false},"version":2}},"categories":[8,1,2],"tags":[6604],"class_list":["post-16863","post","type-post","status-publish","format-standard","has-post-thumbnail","hentry","category-deliberando","category-diario-armstrong","category-locales","tag-hoy-feriade-colores-y-sabores-en-el-bracito-fuerte"],"jetpack_publicize_connections":[],"jetpack_featured_media_url":"https:\/\/armstrongyregion.com.ar\/diario\/wp-content\/uploads\/2016\/12\/feria-de-las-regiones_6145_crop_629x356_th.jpg","jetpack_shortlink":"https:\/\/wp.me\/p62QDO-4nZ","jetpack_sharing_enabled":true,"amp_enabled":true,"_links":{"self":[{"href":"https:\/\/armstrongyregion.com.ar\/diario\/wp-json\/wp\/v2\/posts\/16863","targetHints":{"allow":["GET"]}}],"collection":[{"href":"https:\/\/armstrongyregion.com.ar\/diario\/wp-json\/wp\/v2\/posts"}],"about":[{"href":"https:\/\/armstrongyregion.com.ar\/diario\/wp-json\/wp\/v2\/types\/post"}],"author":[{"embeddable":true,"href":"https:\/\/armstrongyregion.com.ar\/diario\/wp-json\/wp\/v2\/users\/1"}],"replies":[{"embeddable":true,"href":"https:\/\/armstrongyregion.com.ar\/diario\/wp-json\/wp\/v2\/comments?post=16863"}],"version-history":[{"count":0,"href":"https:\/\/armstrongyregion.com.ar\/diario\/wp-json\/wp\/v2\/posts\/16863\/revisions"}],"wp:featuredmedia":[{"embeddable":true,"href":"https:\/\/armstrongyregion.com.ar\/diario\/wp-json\/wp\/v2\/media\/10822"}],"wp:attachment":[{"href":"https:\/\/armstrongyregion.com.ar\/diario\/wp-json\/wp\/v2\/media?parent=16863"}],"wp:term":[{"taxonomy":"category","embeddable":true,"href":"https:\/\/armstrongyregion.com.ar\/diario\/wp-json\/wp\/v2\/categories?post=16863"},{"taxonomy":"post_tag","embeddable":true,"href":"https:\/\/armstrongyregion.com.ar\/diario\/wp-json\/wp\/v2\/tags?post=16863"}],"curies":[{"name":"wp","href":"https:\/\/api.w.org\/{rel}","templated":true}]}}