{"id":16845,"date":"2018-04-13T22:11:55","date_gmt":"2018-04-13T22:11:55","guid":{"rendered":"https:\/\/armstrongyregion.com.ar\/diario\/?p=16845"},"modified":"2018-04-13T22:11:55","modified_gmt":"2018-04-13T22:11:55","slug":"amsafe-reclamo-la-continuidad-de-las-paritarias","status":"publish","type":"post","link":"https:\/\/armstrongyregion.com.ar\/diario\/amsafe-reclamo-la-continuidad-de-las-paritarias\/","title":{"rendered":"AMSaFe reclam\u00f3 la continuidad de las paritarias."},"content":{"rendered":"<p><a href=\"http:\/\/armstrongyregion.com.ar\/diario\/wp-content\/uploads\/2018\/04\/sola-amsafe.jpg\"><img loading=\"lazy\" decoding=\"async\" src=\"http:\/\/armstrongyregion.com.ar\/diario\/wp-content\/uploads\/2018\/04\/sola-amsafe-1024x768.jpg\" alt=\"sola-amsafe\" width=\"800\" height=\"600\" class=\"alignnone size-large wp-image-16846\" srcset=\"https:\/\/armstrongyregion.com.ar\/diario\/wp-content\/uploads\/2018\/04\/sola-amsafe-1024x768.jpg 1024w, https:\/\/armstrongyregion.com.ar\/diario\/wp-content\/uploads\/2018\/04\/sola-amsafe-300x225.jpg 300w, https:\/\/armstrongyregion.com.ar\/diario\/wp-content\/uploads\/2018\/04\/sola-amsafe.jpg 1032w\" sizes=\"auto, (max-width: 800px) 100vw, 800px\" \/><\/a>El gremio que agrupa a los docentes de escuelas p\u00fablicas, asisti\u00f3 este mi\u00e9rcoles 11 de abril a la reuni\u00f3n convocada por el Gobierno Provincial.<br \/>\nEn la misma, junto a la dirigencia de SADOP, se exigi\u00f3 la urgente convocatoria de la Paritaria Docente, a la vez que se reclam\u00f3 el mejoramiento integral de la propuesta emanada de la negociaci\u00f3n colectiva del pasado 20 de marzo.<\/p>\n<p>En el transcurso de una reuni\u00f3n que se extendi\u00f3 por m\u00e1s de dos horas, se repasaron gran cantidad de problem\u00e1ticas que afectan el funcionamiento del sistema educativo y que es preocupaci\u00f3n de nuestra organizaci\u00f3n sindical resolver en el debate con nuestros empleadores logrando condiciones dignas tanto para lxs trabajadorxs de la educaci\u00f3n, como para lxs ni\u00f1xs, j\u00f3venes y adolescentes que concurren a la escuela p\u00fablica.<\/p>\n<p>El Gobierno Provincial se comprometi\u00f3 en la persona del Ministro de Gobierno y Reforma del Estado, Pablo Far\u00edas, y la Ministra de Educaci\u00f3n Claudia Balagu\u00e9 a reconvocar la paritaria en los pr\u00f3ximos d\u00edas.<br \/>\nLas Rosas Digital.<\/p>\n","protected":false},"excerpt":{"rendered":"<p>El gremio que agrupa a los docentes de escuelas p\u00fablicas, asisti\u00f3 este mi\u00e9rcoles 11 de abril a la reuni\u00f3n convocada por el Gobierno Provincial. En la misma, junto a la dirigencia de SADOP, se exigi\u00f3 la urgente convocatoria de la Paritaria Docente, a la vez que se reclam\u00f3 el mejoramiento integral de la propuesta emanada <a href=\"https:\/\/armstrongyregion.com.ar\/diario\/amsafe-reclamo-la-continuidad-de-las-paritarias\/\" title=\"Read more\" >&#8230;<\/a><\/p>\n","protected":false},"author":1,"featured_media":16846,"comment_status":"open","ping_status":"open","sticky":false,"template":"","format":"standard","meta":{"_jetpack_memberships_contains_paid_content":false,"footnotes":"","jetpack_publicize_message":"","jetpack_publicize_feature_enabled":true,"jetpack_social_post_already_shared":false,"jetpack_social_options":{"image_generator_settings":{"template":"highway","default_image_id":0,"enabled":false},"version":2}},"categories":[6,8,1,2,3],"tags":[6599],"class_list":["post-16845","post","type-post","status-publish","format-standard","has-post-thumbnail","hentry","category-cultura-entretenimiento","category-deliberando","category-diario-armstrong","category-locales","category-region","tag-amsafe-reclamo-la-continuidad-de-las-paritarias"],"jetpack_publicize_connections":[],"jetpack_featured_media_url":"https:\/\/armstrongyregion.com.ar\/diario\/wp-content\/uploads\/2018\/04\/sola-amsafe.jpg","jetpack_shortlink":"https:\/\/wp.me\/p62QDO-4nH","jetpack_sharing_enabled":true,"amp_enabled":true,"_links":{"self":[{"href":"https:\/\/armstrongyregion.com.ar\/diario\/wp-json\/wp\/v2\/posts\/16845","targetHints":{"allow":["GET"]}}],"collection":[{"href":"https:\/\/armstrongyregion.com.ar\/diario\/wp-json\/wp\/v2\/posts"}],"about":[{"href":"https:\/\/armstrongyregion.com.ar\/diario\/wp-json\/wp\/v2\/types\/post"}],"author":[{"embeddable":true,"href":"https:\/\/armstrongyregion.com.ar\/diario\/wp-json\/wp\/v2\/users\/1"}],"replies":[{"embeddable":true,"href":"https:\/\/armstrongyregion.com.ar\/diario\/wp-json\/wp\/v2\/comments?post=16845"}],"version-history":[{"count":0,"href":"https:\/\/armstrongyregion.com.ar\/diario\/wp-json\/wp\/v2\/posts\/16845\/revisions"}],"wp:featuredmedia":[{"embeddable":true,"href":"https:\/\/armstrongyregion.com.ar\/diario\/wp-json\/wp\/v2\/media\/16846"}],"wp:attachment":[{"href":"https:\/\/armstrongyregion.com.ar\/diario\/wp-json\/wp\/v2\/media?parent=16845"}],"wp:term":[{"taxonomy":"category","embeddable":true,"href":"https:\/\/armstrongyregion.com.ar\/diario\/wp-json\/wp\/v2\/categories?post=16845"},{"taxonomy":"post_tag","embeddable":true,"href":"https:\/\/armstrongyregion.com.ar\/diario\/wp-json\/wp\/v2\/tags?post=16845"}],"curies":[{"name":"wp","href":"https:\/\/api.w.org\/{rel}","templated":true}]}}