{"id":16793,"date":"2018-04-10T00:06:35","date_gmt":"2018-04-10T00:06:35","guid":{"rendered":"https:\/\/armstrongyregion.com.ar\/diario\/?p=16793"},"modified":"2018-04-10T00:06:35","modified_gmt":"2018-04-10T00:06:35","slug":"los-docentes-universitarios-paran-martes-y-miercoles","status":"publish","type":"post","link":"https:\/\/armstrongyregion.com.ar\/diario\/los-docentes-universitarios-paran-martes-y-miercoles\/","title":{"rendered":"Los docentes universitarios paran martes y mi\u00e9rcoles."},"content":{"rendered":"<p><a href=\"http:\/\/armstrongyregion.com.ar\/diario\/wp-content\/uploads\/2018\/04\/Coad-.jpg\"><img loading=\"lazy\" decoding=\"async\" src=\"http:\/\/armstrongyregion.com.ar\/diario\/wp-content\/uploads\/2018\/04\/Coad-.jpg\" alt=\"Coad-\" width=\"768\" height=\"511\" class=\"alignnone size-full wp-image-16794\" srcset=\"https:\/\/armstrongyregion.com.ar\/diario\/wp-content\/uploads\/2018\/04\/Coad-.jpg 768w, https:\/\/armstrongyregion.com.ar\/diario\/wp-content\/uploads\/2018\/04\/Coad--300x200.jpg 300w\" sizes=\"auto, (max-width: 768px) 100vw, 768px\" \/><\/a>Los profesores nucleados en Coad \u00abexigen\u00bb un incremento salarial del 25, adem\u00e1s de la inclusi\u00f3n de la cl\u00e1usula gatillo. La medida fue dispuesto en el congreso de la Conadu.<br \/>\nLos docentes universitarios nucleados en Coad realizar\u00e1n entre ma\u00f1ana (martes 10) y pasado ma\u00f1ana (mi\u00e9rcoles 11) un paro de 48 horas, en reclamo de mejoras salariales.<br \/>\nAdem\u00e1s insisten con la \u00abjerarquizaci\u00f3n contemplada en el convenio colectivo de trabajo; la recomposici\u00f3n del nomenclador; una mejora de la garant\u00eda salarial para los ingresantes, m\u00e1s presupuesto para el Programa de Finalizaci\u00f3n de Tesis Profite y fondos de capacitaci\u00f3n docente\u00bb.<br \/>\nLa medida de fuerza, que fue resuelta en el congreso nacional de la Federaci\u00f3n Nacional de Docentes Universitarios (Conadu), es para \u00abexigir\u00bb una pauta salarial del 25 por ciento con cl\u00e1usula gatillo. \u00abLos docentes universitarios tenemos que hacernos escuchar\u00bb, sentenci\u00f3 la secretaria general de Coad, Laura Ferrer Varela.<br \/>\n\u00abYa hemos dicho que este paro es una medida de fuerza tard\u00eda, que necesitamos un plan de acci\u00f3n con una perspectiva estrat\u00e9gica. A\u00fan as\u00ed, el pr\u00f3ximo paro nacional tiene que ser una medida contundente y nos tiene que encontrar movilizadados y participando de las actividades organizadas junto al movimiento estudiantil\u00bb, areng\u00f3 Ferrer Varela.<br \/>\nMa\u00f1ana, a las 9, se realizar\u00e1 una asamblea docente en el Polit\u00e9cnico, mientras que a las 11 habr\u00e1 una feria de Ciencias y Radio abierta en C\u00f3rdoba y Corrientes.<br \/>\nAdem\u00e1s se realizar\u00e1 una charla en la Facultad de Ciencia Pol\u00edtica y a las 14, en la escalinata de la Facultad de Ciencias Econ\u00f3micas, de Oro\u00f1o y 3 de febrero, tendr\u00e1 lugar un festival por la Educaci\u00f3n P\u00fablica.<br \/>\nPara el mi\u00e9rcoles, en tanto, est\u00e1n previstas m\u00e1s actividades y charlas, mientras que a las 18.30 habr\u00e1 una asamblea docente en la sede de Coad para evaluar la medida de fuerza y los pasos a seguir.<br \/>\nLa Capital.com<\/p>\n","protected":false},"excerpt":{"rendered":"<p>Los profesores nucleados en Coad \u00abexigen\u00bb un incremento salarial del 25, adem\u00e1s de la inclusi\u00f3n de la cl\u00e1usula gatillo. La medida fue dispuesto en el congreso de la Conadu. Los docentes universitarios nucleados en Coad realizar\u00e1n entre ma\u00f1ana (martes 10) y pasado ma\u00f1ana (mi\u00e9rcoles 11) un paro de 48 horas, en reclamo de mejoras salariales. <a href=\"https:\/\/armstrongyregion.com.ar\/diario\/los-docentes-universitarios-paran-martes-y-miercoles\/\" title=\"Read more\" >&#8230;<\/a><\/p>\n","protected":false},"author":1,"featured_media":16794,"comment_status":"open","ping_status":"open","sticky":false,"template":"","format":"standard","meta":{"_jetpack_memberships_contains_paid_content":false,"footnotes":"","jetpack_publicize_message":"","jetpack_publicize_feature_enabled":true,"jetpack_social_post_already_shared":false,"jetpack_social_options":{"image_generator_settings":{"template":"highway","default_image_id":0,"enabled":false},"version":2}},"categories":[6,8,1,3],"tags":[6575],"class_list":["post-16793","post","type-post","status-publish","format-standard","has-post-thumbnail","hentry","category-cultura-entretenimiento","category-deliberando","category-diario-armstrong","category-region","tag-los-docentes-universitarios-paran-martes-y-miercoles"],"jetpack_publicize_connections":[],"jetpack_featured_media_url":"https:\/\/armstrongyregion.com.ar\/diario\/wp-content\/uploads\/2018\/04\/Coad-.jpg","jetpack_shortlink":"https:\/\/wp.me\/p62QDO-4mR","jetpack_sharing_enabled":true,"amp_enabled":true,"_links":{"self":[{"href":"https:\/\/armstrongyregion.com.ar\/diario\/wp-json\/wp\/v2\/posts\/16793","targetHints":{"allow":["GET"]}}],"collection":[{"href":"https:\/\/armstrongyregion.com.ar\/diario\/wp-json\/wp\/v2\/posts"}],"about":[{"href":"https:\/\/armstrongyregion.com.ar\/diario\/wp-json\/wp\/v2\/types\/post"}],"author":[{"embeddable":true,"href":"https:\/\/armstrongyregion.com.ar\/diario\/wp-json\/wp\/v2\/users\/1"}],"replies":[{"embeddable":true,"href":"https:\/\/armstrongyregion.com.ar\/diario\/wp-json\/wp\/v2\/comments?post=16793"}],"version-history":[{"count":0,"href":"https:\/\/armstrongyregion.com.ar\/diario\/wp-json\/wp\/v2\/posts\/16793\/revisions"}],"wp:featuredmedia":[{"embeddable":true,"href":"https:\/\/armstrongyregion.com.ar\/diario\/wp-json\/wp\/v2\/media\/16794"}],"wp:attachment":[{"href":"https:\/\/armstrongyregion.com.ar\/diario\/wp-json\/wp\/v2\/media?parent=16793"}],"wp:term":[{"taxonomy":"category","embeddable":true,"href":"https:\/\/armstrongyregion.com.ar\/diario\/wp-json\/wp\/v2\/categories?post=16793"},{"taxonomy":"post_tag","embeddable":true,"href":"https:\/\/armstrongyregion.com.ar\/diario\/wp-json\/wp\/v2\/tags?post=16793"}],"curies":[{"name":"wp","href":"https:\/\/api.w.org\/{rel}","templated":true}]}}