{"id":16790,"date":"2018-04-09T11:11:51","date_gmt":"2018-04-09T11:11:51","guid":{"rendered":"https:\/\/armstrongyregion.com.ar\/diario\/?p=16790"},"modified":"2018-04-09T11:11:51","modified_gmt":"2018-04-09T11:11:51","slug":"canada-de-gomez-el-mac-dio-inicio-a-su-ciclo-de-muestras-con-homenaje-a-elide-damiano","status":"publish","type":"post","link":"https:\/\/armstrongyregion.com.ar\/diario\/canada-de-gomez-el-mac-dio-inicio-a-su-ciclo-de-muestras-con-homenaje-a-elide-damiano\/","title":{"rendered":"Ca\u00f1ada de G\u00f3mez. El Mac dio inicio a su ciclo de muestras con homenaje a Elide Damiano."},"content":{"rendered":"<p><a href=\"http:\/\/armstrongyregion.com.ar\/diario\/wp-content\/uploads\/2018\/04\/Mac-2018.jpeg\"><img loading=\"lazy\" decoding=\"async\" src=\"http:\/\/armstrongyregion.com.ar\/diario\/wp-content\/uploads\/2018\/04\/Mac-2018.jpeg\" alt=\"Mac-2018\" width=\"768\" height=\"512\" class=\"alignnone size-full wp-image-16791\" srcset=\"https:\/\/armstrongyregion.com.ar\/diario\/wp-content\/uploads\/2018\/04\/Mac-2018.jpeg 768w, https:\/\/armstrongyregion.com.ar\/diario\/wp-content\/uploads\/2018\/04\/Mac-2018-300x200.jpeg 300w\" sizes=\"auto, (max-width: 768px) 100vw, 768px\" \/><\/a>Se habilit\u00f3 la exposici\u00f3n de trabajos de 15 artistas ca\u00f1adenses y se impuso su nombre a una de las salas del Museo.<\/p>\n<p>El Museo de Arte Ca\u00f1adense inici\u00f3 d\u00edas atr\u00e1s el ciclo de muestras 2018, con el homenaje a la artista local Elede Damiano, a trav\u00e9s de una exposici\u00f3n de obras y la imposici\u00f3n de su nombre a una de las salas del Museo.<br \/>\nLas obras de quince artistas ca\u00f1adenses pueden visitarse durante los pr\u00f3ximos tres fines de semana, de 16 a 19 hs. \u201cIniciamos un nuevo a\u00f1o de este museo abierto a todos los artistas de la ciudad y la regi\u00f3n, reconociendo el trabajo de Elede Damiano\u201d, destacaron desde el municipio.<\/p>\n","protected":false},"excerpt":{"rendered":"<p>Se habilit\u00f3 la exposici\u00f3n de trabajos de 15 artistas ca\u00f1adenses y se impuso su nombre a una de las salas del Museo. El Museo de Arte Ca\u00f1adense inici\u00f3 d\u00edas atr\u00e1s el ciclo de muestras 2018, con el homenaje a la artista local Elede Damiano, a trav\u00e9s de una exposici\u00f3n de obras y la imposici\u00f3n de <a href=\"https:\/\/armstrongyregion.com.ar\/diario\/canada-de-gomez-el-mac-dio-inicio-a-su-ciclo-de-muestras-con-homenaje-a-elide-damiano\/\" title=\"Read more\" >&#8230;<\/a><\/p>\n","protected":false},"author":1,"featured_media":16791,"comment_status":"open","ping_status":"open","sticky":false,"template":"","format":"standard","meta":{"_jetpack_memberships_contains_paid_content":false,"footnotes":"","jetpack_publicize_message":"","jetpack_publicize_feature_enabled":true,"jetpack_social_post_already_shared":false,"jetpack_social_options":{"image_generator_settings":{"template":"highway","default_image_id":0,"enabled":false},"version":2}},"categories":[6,8,1,3],"tags":[163,906,19,6574,164,2072,1358],"class_list":["post-16790","post","type-post","status-publish","format-standard","has-post-thumbnail","hentry","category-cultura-entretenimiento","category-deliberando","category-diario-armstrong","category-region","tag-canada","tag-damiani","tag-de","tag-elide","tag-gomez","tag-homenaje","tag-muestra"],"jetpack_publicize_connections":[],"jetpack_featured_media_url":"https:\/\/armstrongyregion.com.ar\/diario\/wp-content\/uploads\/2018\/04\/Mac-2018.jpeg","jetpack_shortlink":"https:\/\/wp.me\/p62QDO-4mO","jetpack_sharing_enabled":true,"amp_enabled":true,"_links":{"self":[{"href":"https:\/\/armstrongyregion.com.ar\/diario\/wp-json\/wp\/v2\/posts\/16790","targetHints":{"allow":["GET"]}}],"collection":[{"href":"https:\/\/armstrongyregion.com.ar\/diario\/wp-json\/wp\/v2\/posts"}],"about":[{"href":"https:\/\/armstrongyregion.com.ar\/diario\/wp-json\/wp\/v2\/types\/post"}],"author":[{"embeddable":true,"href":"https:\/\/armstrongyregion.com.ar\/diario\/wp-json\/wp\/v2\/users\/1"}],"replies":[{"embeddable":true,"href":"https:\/\/armstrongyregion.com.ar\/diario\/wp-json\/wp\/v2\/comments?post=16790"}],"version-history":[{"count":0,"href":"https:\/\/armstrongyregion.com.ar\/diario\/wp-json\/wp\/v2\/posts\/16790\/revisions"}],"wp:featuredmedia":[{"embeddable":true,"href":"https:\/\/armstrongyregion.com.ar\/diario\/wp-json\/wp\/v2\/media\/16791"}],"wp:attachment":[{"href":"https:\/\/armstrongyregion.com.ar\/diario\/wp-json\/wp\/v2\/media?parent=16790"}],"wp:term":[{"taxonomy":"category","embeddable":true,"href":"https:\/\/armstrongyregion.com.ar\/diario\/wp-json\/wp\/v2\/categories?post=16790"},{"taxonomy":"post_tag","embeddable":true,"href":"https:\/\/armstrongyregion.com.ar\/diario\/wp-json\/wp\/v2\/tags?post=16790"}],"curies":[{"name":"wp","href":"https:\/\/api.w.org\/{rel}","templated":true}]}}