{"id":16788,"date":"2018-04-09T10:50:55","date_gmt":"2018-04-09T10:50:55","guid":{"rendered":"https:\/\/armstrongyregion.com.ar\/diario\/?p=16788"},"modified":"2018-04-09T10:50:55","modified_gmt":"2018-04-09T10:50:55","slug":"hoy-la-guerra-debemos-hacerla-contra-la-corrupcion-vinculada-al-narcotrafico","status":"publish","type":"post","link":"https:\/\/armstrongyregion.com.ar\/diario\/hoy-la-guerra-debemos-hacerla-contra-la-corrupcion-vinculada-al-narcotrafico\/","title":{"rendered":"\u00abHoy la guerra debemos hacerla contra la corrupci\u00f3n vinculada al narcotr\u00e1fico\u00bb."},"content":{"rendered":"<p><a href=\"http:\/\/armstrongyregion.com.ar\/diario\/wp-content\/uploads\/2017\/04\/Javier-Meyer-.jpg\"><img loading=\"lazy\" decoding=\"async\" src=\"http:\/\/armstrongyregion.com.ar\/diario\/wp-content\/uploads\/2017\/04\/Javier-Meyer-.jpg\" alt=\"Javier-Meyer-\" width=\"828\" height=\"605\" class=\"alignnone size-full wp-image-12557\" srcset=\"https:\/\/armstrongyregion.com.ar\/diario\/wp-content\/uploads\/2017\/04\/Javier-Meyer-.jpg 828w, https:\/\/armstrongyregion.com.ar\/diario\/wp-content\/uploads\/2017\/04\/Javier-Meyer--300x219.jpg 300w\" sizes=\"auto, (max-width: 828px) 100vw, 828px\" \/><\/a>As\u00ed se expres\u00f3 el intendente Javier Meyer en declaraciones a Renacer Regional, al recordar el acto realizado el 2 abril, en homenaje a los Veteranos y Ca\u00eddos en la Guerra de Malvinas.<br \/>\nAl finalizar la inauguraci\u00f3n oficial del Jard\u00edn de Infantes Nucleado n\u00b0 348, y acompa\u00f1ado de la diputada nacional Gisela Scaglia, el Intendente Municipal de Las Rosas hizo declaraciones en Renacer Regional. Incluy\u00f3 una reflexi\u00f3n sobre el gran problema que afecta hoy a nuestra sociedad: el narcotr\u00e1fico y las adicciones; en el mismo sentido que puede leerse en su p\u00e1gina personal de facebook: \u00abEl narcotr\u00e1fico no tiene existencia propia sino a trav\u00e9s de la complicidad pol\u00edtica\u00bb. <\/p>\n<p>Algunos conceptos de Javier Meyer: <\/p>\n<p>&#8211; En el acto sobre Malvinas, las palabras escuchadas nos trasladaron a un momento oscuro del pa\u00eds. Donde chicos de 18 o 19 a\u00f1os murieron o volvieron con serios problemas para vivir, en mi concepto como producto de la corrupci\u00f3n de ese gobierno que procur\u00f3 taparse con este tipo de acciones.<\/p>\n<p>&#8211; Hay que reflexionar que conmemorar a los H\u00e9roes de Malvinas y a los h\u00e9roes de todos los d\u00edas que luchan por la justicia, por lo correcto, y mueren por eso, hoy significa detectar que la guerra que debemos dar es contra el narcotr\u00e1fico que se lleva puesto a nuestros chicos.  <\/p>\n<p>&#8211; Este tr\u00e1fico no existir\u00eda si no fuera sostenido por la corrupci\u00f3n en la pol\u00edtica y en la justicia. Eso debe entender cada ciudadano.<\/p>\n<p>&#8211; Hay que poner lo que hay que poner sobre la mesa. Hace un rato ve\u00eda en el Jard\u00edn de Infantes como los docentes ponen un gran esfuerzo para educar y deben enfrentarse con lo que ocurre afuera de la escuela: la presencia del corruptor, del tipo que les vende merca.<\/p>\n<p>&#8211; Esperaba que hoy viniera el Gobernador para poder hablar nuevamente de estas cosas, como lo hicimos hace unos meses cuando le entregu\u00e9 una nota firmada por todas las instituciones. Porque yo a los narcos los veo cada vez m\u00e1s gordos, con m\u00e1s motos, mejores autos.<\/p>\n<p>&#8211; Los encargados de nuestra seguridad saben quien es quien, donde se vende la droga. Me lo han dicho a mi mismo. Y me llama la atenci\u00f3n, me pregunto:  \u00bfque pasa que no pasa nada?.<br \/>\n(Se recomienda escuchar el audio completo)<\/p>\n<p>Fuente: Las Rosas Digital.com<\/p>\n","protected":false},"excerpt":{"rendered":"<p>As\u00ed se expres\u00f3 el intendente Javier Meyer en declaraciones a Renacer Regional, al recordar el acto realizado el 2 abril, en homenaje a los Veteranos y Ca\u00eddos en la Guerra de Malvinas. Al finalizar la inauguraci\u00f3n oficial del Jard\u00edn de Infantes Nucleado n\u00b0 348, y acompa\u00f1ado de la diputada nacional Gisela Scaglia, el Intendente Municipal <a href=\"https:\/\/armstrongyregion.com.ar\/diario\/hoy-la-guerra-debemos-hacerla-contra-la-corrupcion-vinculada-al-narcotrafico\/\" title=\"Read more\" >&#8230;<\/a><\/p>\n","protected":false},"author":1,"featured_media":12557,"comment_status":"open","ping_status":"open","sticky":false,"template":"","format":"standard","meta":{"_jetpack_memberships_contains_paid_content":false,"footnotes":"","jetpack_publicize_message":"","jetpack_publicize_feature_enabled":true,"jetpack_social_post_already_shared":false,"jetpack_social_options":{"image_generator_settings":{"template":"highway","default_image_id":0,"enabled":false},"version":2}},"categories":[8,1,7,3],"tags":[6573],"class_list":["post-16788","post","type-post","status-publish","format-standard","has-post-thumbnail","hentry","category-deliberando","category-diario-armstrong","category-politica","category-region","tag-hoy-la-guerra-debemos-hacerla-contra-la-corrupcion-vinculada-al-narcotrafico"],"jetpack_publicize_connections":[],"jetpack_featured_media_url":"https:\/\/armstrongyregion.com.ar\/diario\/wp-content\/uploads\/2017\/04\/Javier-Meyer-.jpg","jetpack_shortlink":"https:\/\/wp.me\/p62QDO-4mM","jetpack_sharing_enabled":true,"amp_enabled":true,"_links":{"self":[{"href":"https:\/\/armstrongyregion.com.ar\/diario\/wp-json\/wp\/v2\/posts\/16788","targetHints":{"allow":["GET"]}}],"collection":[{"href":"https:\/\/armstrongyregion.com.ar\/diario\/wp-json\/wp\/v2\/posts"}],"about":[{"href":"https:\/\/armstrongyregion.com.ar\/diario\/wp-json\/wp\/v2\/types\/post"}],"author":[{"embeddable":true,"href":"https:\/\/armstrongyregion.com.ar\/diario\/wp-json\/wp\/v2\/users\/1"}],"replies":[{"embeddable":true,"href":"https:\/\/armstrongyregion.com.ar\/diario\/wp-json\/wp\/v2\/comments?post=16788"}],"version-history":[{"count":0,"href":"https:\/\/armstrongyregion.com.ar\/diario\/wp-json\/wp\/v2\/posts\/16788\/revisions"}],"wp:featuredmedia":[{"embeddable":true,"href":"https:\/\/armstrongyregion.com.ar\/diario\/wp-json\/wp\/v2\/media\/12557"}],"wp:attachment":[{"href":"https:\/\/armstrongyregion.com.ar\/diario\/wp-json\/wp\/v2\/media?parent=16788"}],"wp:term":[{"taxonomy":"category","embeddable":true,"href":"https:\/\/armstrongyregion.com.ar\/diario\/wp-json\/wp\/v2\/categories?post=16788"},{"taxonomy":"post_tag","embeddable":true,"href":"https:\/\/armstrongyregion.com.ar\/diario\/wp-json\/wp\/v2\/tags?post=16788"}],"curies":[{"name":"wp","href":"https:\/\/api.w.org\/{rel}","templated":true}]}}