{"id":16780,"date":"2018-04-08T15:40:34","date_gmt":"2018-04-08T15:40:34","guid":{"rendered":"https:\/\/armstrongyregion.com.ar\/diario\/?p=16780"},"modified":"2018-04-08T15:47:45","modified_gmt":"2018-04-08T15:47:45","slug":"proyecto-marzo-mes-de-la-mujer-armstronense-2","status":"publish","type":"post","link":"https:\/\/armstrongyregion.com.ar\/diario\/proyecto-marzo-mes-de-la-mujer-armstronense-2\/","title":{"rendered":"Proyecto: \u201cMarzo, mes de la mujer Armstronense\u201d."},"content":{"rendered":"<p><a href=\"http:\/\/armstrongyregion.com.ar\/diario\/wp-content\/uploads\/2018\/04\/Mujer-de-Epoca-.jpg\"><img loading=\"lazy\" decoding=\"async\" src=\"http:\/\/armstrongyregion.com.ar\/diario\/wp-content\/uploads\/2018\/04\/Mujer-de-Epoca-.jpg\" alt=\"Mujer-de Epoca-\" width=\"768\" height=\"512\" class=\"alignnone size-full wp-image-16781\" srcset=\"https:\/\/armstrongyregion.com.ar\/diario\/wp-content\/uploads\/2018\/04\/Mujer-de-Epoca-.jpg 768w, https:\/\/armstrongyregion.com.ar\/diario\/wp-content\/uploads\/2018\/04\/Mujer-de-Epoca--300x200.jpg 300w\" sizes=\"auto, (max-width: 768px) 100vw, 768px\" \/><\/a>                                                                              Creado por \u00c1rea Mujer<br \/>\nDependiente de la Direcci\u00f3n de Promoci\u00f3n Comunitaria<br \/>\n                                                                                        Municipalidad de Armstrong.<br \/>\nAb. Natalia Gonz\u00e1lez<br \/>\nLic. Fabiana Libro<br \/>\nPs. Romina Vergani<\/p>\n<p>Descripci\u00f3n del Proyecto:<\/p>\n<p>Desde el \u00c1rea Mujer de la Municipalidad de Armstrong, en el marco de la construcci\u00f3n de micro pol\u00edticas, convocamos a la sociedad toda a partir de sus organismos a celebrar el Mes de la Mujer.<br \/>\nLejos de ser una mirada sexista, nuestra misi\u00f3n es la de abrir un abanico de conceptos que procuren exaltar la imagen de mujeres que marcaron precedente y erradicar la violencia.<br \/>\nT\u00e9rminos como g\u00e9nero, identidad sexual, dignidad, derecho, respeto por las elecciones, deben ser incluidos para lograr una mejor y m\u00e1s sana convivencia traduci\u00e9ndolo en nuestro hacer cotidiano.<br \/>\nConvocaremos a las organizaciones educativas, sociales, civiles, y productivas de la ciudad de Armstrong a que designen a la mujer que haya sido relevante como tal, para destacar su impronta, revalorizando   su trabajo y reconociendo sus capacidades, enmarc\u00e1ndolo dentro del Programa Provincial \u201cSitio de Mujeres\u201d. <\/p>\n<p>Fundamentaci\u00f3n:<br \/>\nApuntamos a \u201clo local\u201d como territorio para consolidar la igualdad.<br \/>\nPartiendo de la premisa que el G\u00e9nero es una construcci\u00f3n cultural, despegado de lo biol\u00f3gico, que define lo que es propio de lo femenino y lo masculino.<br \/>\nLa cultura ha asociado lo biol\u00f3gico como si fuera natural, es ah\u00ed donde radica la trampa del g\u00e9nero.<br \/>\nNuestra propuesta se basa en poner de relieve y en conocimiento de la sociedad toda, a esas mujeres quienes desde su desempe\u00f1o laboral, social, pol\u00edtico o institucional han sabido jerarquizar su labor empoderando las caracter\u00edsticas propias de \u201clo femenino\u201d como portadora de derecho y hacedora activa del destino de una ciudad.<\/p>\n<p>Marco Institucional:<br \/>\n&#8211;\tSubsecretar\u00eda de Pol\u00edtica de G\u00e9nero dependiente de la Secretar\u00eda de Pol\u00edticas P\u00fablicas de la Provincia de Santa Fe.<br \/>\n&#8211;\t\u00c1rea  Mujer de la Municipalidad de Armstrong.<br \/>\n&#8211;\tConsejo Deliberante de la Municipalidad de Armstrong.<\/p>\n<p>Objetivos:<br \/>\n\u2022\tExaltar la figura femenina que ha marcado su impronta dentro de la comunidad.<br \/>\n\u2022\tVisibilizar la labor de muchas mujeres que  con su labor, procuraron  gestar una sociedad m\u00e1s justa.<br \/>\n\u2022\tPropender a la igualdad de derecho de g\u00e9nero<br \/>\n\u2022\tAportar herramientas v\u00e1lidas que contribuyan a erradicar la violencia <\/p>\n<p> Beneficiarios:<br \/>\n Al exaltar figuras femeninas queremos hacer visible la labor de muchas mujeres locales.  Esta primera impresi\u00f3n indicar\u00eda que las beneficiarias ser\u00edan el colectivo femenino de  esta ciudad. Pero vale aclarar que, al poner a la luz la labor silenciosa o no de muchas  mujeres los beneficiarios indirectos ser\u00e1n la comunidad toda, ya que nuestro trabajo consiste en impulsar la igualdad de derechos para comenzar a transitar el paradigma igualitario.<\/p>\n<p>Localizaci\u00f3n f\u00edsica del Proyecto:<\/p>\n<p>Podr\u00edamos considerar un modo radial para la localizaci\u00f3n del proyecto considerando que, el n\u00facleo de gesti\u00f3n se encontrar\u00e1 en las dependencias del \u00c1rea Mujer, ubicado en las oficinas de la Direcci\u00f3n de Promoci\u00f3n Comunitaria y desde all\u00ed se extender\u00e1 a las instituciones y organizaciones locales.<br \/>\nUna vez cumplimentado el Proyecto quedar\u00e1 asentado en el Edificio Municipal bajo la tutela del \u00c1rea Mujer local y en el Consejo Deliberante .<br \/>\nActividades<\/p>\n<p>\u2022Instaurar el mes de marzo como mes de la Mujer Armstronense.<br \/>\n\u2022Convocar a todas las organizaciones educativas, gubernamentales, de la sociedad civil, privadas y p\u00fablicas a fin de que elijan a modo de homenaje post mortem a \u201cla mujer\u201d que haya marcado un hito dentro de su organizaci\u00f3n.<br \/>\n\u2022Solicitar un dossier con foto para poder exponerlo en el Museo Municipal de Armstrong \u201cEnrico Orsetti\u201d.<br \/>\n Constituir un archivo hist\u00f3rico con el recorrido de estas mujeres locales.<br \/>\nEntregar en las escuelas locales y el Biblioteca ejemplares de los mismos.<br \/>\n\u2022Proponer al Consejo Deliberante Municipal que se designe con los nombres de estas mujeres a calles, plazas, espacios o paseos p\u00fablicos locales para comenzar a resaltar el p\u00fablico homenaje a las mismas.<br \/>\nPropulsar la ordenanza y velar por el cumplimiento de esta.<\/p>\n<p>M\u00e9todos y T\u00e9cnicas<\/p>\n<p>Propondremos que cada organismo o instituci\u00f3n participante realice una investigaci\u00f3n acerca del recorrido din\u00e1mico de la mujer propuesta y que acerque esa informaci\u00f3n al \u00c1rea Mujer.<\/p>\n<p>Enmarcaremos dentro de una l\u00ednea hist\u00f3rica las biograf\u00edas propuestas.<\/p>\n<p>Convocaremos a las(posibles) familias  de pertenencia de las mismas para que aporten otros datos significativos y material que quieran brindar para exponer en este homenaje.<\/p>\n<p>Propondremos la inclusi\u00f3n de estas mujeres como muestra permanente o dentro de un diorama en el Museo.<\/p>\n<p>Plazo de Ejecuci\u00f3n del Proyecto:<br \/>\nEl mismo se di\u00f3 a conocer p\u00fablicamente el d\u00eda jueves 8 de Marzo de 2018.<br \/>\nPlazo de presentaci\u00f3n (primaria) de postulantes 12 de abril.<br \/>\nEl t\u00e9rmino del mismo ser\u00e1 el d\u00eda 15 de mayo de 2018 conmemorando el Dia Internacional de la Familia. <\/p>\n","protected":false},"excerpt":{"rendered":"<p>Creado por \u00c1rea Mujer Dependiente de la Direcci\u00f3n de Promoci\u00f3n Comunitaria Municipalidad de Armstrong. Ab. Natalia Gonz\u00e1lez Lic. Fabiana Libro Ps. Romina Vergani Descripci\u00f3n del Proyecto: Desde el \u00c1rea Mujer de la Municipalidad de Armstrong, en el marco de la construcci\u00f3n de micro pol\u00edticas, convocamos a la sociedad toda a partir de sus organismos a <a href=\"https:\/\/armstrongyregion.com.ar\/diario\/proyecto-marzo-mes-de-la-mujer-armstronense-2\/\" title=\"Read more\" >&#8230;<\/a><\/p>\n","protected":false},"author":1,"featured_media":16781,"comment_status":"open","ping_status":"open","sticky":false,"template":"","format":"standard","meta":{"_jetpack_memberships_contains_paid_content":false,"footnotes":"","jetpack_publicize_message":"","jetpack_publicize_feature_enabled":true,"jetpack_social_post_already_shared":false,"jetpack_social_options":{"image_generator_settings":{"template":"highway","default_image_id":0,"enabled":false},"version":2}},"categories":[6,8,1,2,7,3],"tags":[6571,6570],"class_list":["post-16780","post","type-post","status-publish","format-standard","has-post-thumbnail","hentry","category-cultura-entretenimiento","category-deliberando","category-diario-armstrong","category-locales","category-politica","category-region","tag-mes-de-la-mujer-armstronense","tag-proyecto-marzo"],"jetpack_publicize_connections":[],"jetpack_featured_media_url":"https:\/\/armstrongyregion.com.ar\/diario\/wp-content\/uploads\/2018\/04\/Mujer-de-Epoca-.jpg","jetpack_shortlink":"https:\/\/wp.me\/p62QDO-4mE","jetpack_sharing_enabled":true,"amp_enabled":true,"_links":{"self":[{"href":"https:\/\/armstrongyregion.com.ar\/diario\/wp-json\/wp\/v2\/posts\/16780","targetHints":{"allow":["GET"]}}],"collection":[{"href":"https:\/\/armstrongyregion.com.ar\/diario\/wp-json\/wp\/v2\/posts"}],"about":[{"href":"https:\/\/armstrongyregion.com.ar\/diario\/wp-json\/wp\/v2\/types\/post"}],"author":[{"embeddable":true,"href":"https:\/\/armstrongyregion.com.ar\/diario\/wp-json\/wp\/v2\/users\/1"}],"replies":[{"embeddable":true,"href":"https:\/\/armstrongyregion.com.ar\/diario\/wp-json\/wp\/v2\/comments?post=16780"}],"version-history":[{"count":0,"href":"https:\/\/armstrongyregion.com.ar\/diario\/wp-json\/wp\/v2\/posts\/16780\/revisions"}],"wp:featuredmedia":[{"embeddable":true,"href":"https:\/\/armstrongyregion.com.ar\/diario\/wp-json\/wp\/v2\/media\/16781"}],"wp:attachment":[{"href":"https:\/\/armstrongyregion.com.ar\/diario\/wp-json\/wp\/v2\/media?parent=16780"}],"wp:term":[{"taxonomy":"category","embeddable":true,"href":"https:\/\/armstrongyregion.com.ar\/diario\/wp-json\/wp\/v2\/categories?post=16780"},{"taxonomy":"post_tag","embeddable":true,"href":"https:\/\/armstrongyregion.com.ar\/diario\/wp-json\/wp\/v2\/tags?post=16780"}],"curies":[{"name":"wp","href":"https:\/\/api.w.org\/{rel}","templated":true}]}}