{"id":16774,"date":"2018-04-07T20:54:20","date_gmt":"2018-04-07T20:54:20","guid":{"rendered":"https:\/\/armstrongyregion.com.ar\/diario\/?p=16774"},"modified":"2018-04-07T20:54:20","modified_gmt":"2018-04-07T20:54:20","slug":"cuarta-cabalgata-uniendo-el-departamento-belgrano","status":"publish","type":"post","link":"https:\/\/armstrongyregion.com.ar\/diario\/cuarta-cabalgata-uniendo-el-departamento-belgrano\/","title":{"rendered":"Cuarta Cabalgata \u201cUniendo el Departamento Belgrano\u201d."},"content":{"rendered":"<p><a href=\"http:\/\/armstrongyregion.com.ar\/diario\/wp-content\/uploads\/2018\/04\/Fer-Betto-.jpg\"><img loading=\"lazy\" decoding=\"async\" src=\"http:\/\/armstrongyregion.com.ar\/diario\/wp-content\/uploads\/2018\/04\/Fer-Betto-.jpg\" alt=\"Fer-Betto-\" width=\"768\" height=\"433\" class=\"alignnone size-full wp-image-16775\" srcset=\"https:\/\/armstrongyregion.com.ar\/diario\/wp-content\/uploads\/2018\/04\/Fer-Betto-.jpg 768w, https:\/\/armstrongyregion.com.ar\/diario\/wp-content\/uploads\/2018\/04\/Fer-Betto--300x169.jpg 300w\" sizes=\"auto, (max-width: 768px) 100vw, 768px\" \/><\/a>\u201cLos Hermanos sean unidos<br \/>\nporque esa es la ley primera\u2026\u201d<\/p>\n<p>Y all\u00ed estaba la Agrupaci\u00f3n \u201cSentimiento Gaucho\u201d, uniendo el Departamento Belgrano por cuarta vez consecutiva. El Jueves 29 de Marzo de 2018, desde la Ciudad de Las Rosas cabecera del Departamento Belgrano, salieron Armando Quiroz junto a sus dos hijos Francisco y Ferm\u00edn, Don Robaina, Juani Paizal, Pablo Pranzetti, Matias Cinalli y Brian Bravo, marcando su primer destino, \u201cBouquet\u201d\u2026 a pocos kil\u00f3metros, me sum\u00e9 yo, que hab\u00eda partido desde mi querencia en el \u201cCentro C\u00edvico\u201d\u2026 Muchas charlas, risas, buenos momentos\u2026 en \u201cIturraspe\u201d nos esperaba el gran Mandinga D\u00edaz, \u00e9l siempre est\u00e1 al servicio de los dem\u00e1s cuando uno necesita algo, con s\u00f3lo avisarle, \u00e9l est\u00e1\u2026 Tomamos unos mates, comimos alg\u00fan bizcocho y seguimos adelante hasta llegar a \u201cBouquet\u201d, ingresando por el camino del Cementerio\u2026 largamos nuestros caballos en el circuito y como siempre la Comuna nos esperaba con el almuerzo; un exquisito pollo a la parrilla.<br \/>\nLuego de comer, tuvimos que correr los caballos para poder agarrarlos, ensillamos y partimos rumbo a Montes de Oca\u2026 Se nos sum\u00f3 una nueva compa\u00f1era para hacer este tramo, la \u00fanica mujer, Agustina, sobrina de Mati Cinalli. La polvareda era talco, producto de la gran sequia y la \u00e9poca de cosecha\u2026 algunos nos pon\u00edamos un pa\u00f1uelo en la cara, y nuestros nobles caballos, a pesar de casi no vernos entre nosotros, segu\u00edan firmes adelante, con alg\u00fan veh\u00edculo que por ah\u00ed nos pasaba y nos tapaba de tierra. Ferm\u00edn, que iba en su tordillo al galope recorriendo todo el grupo\u2026 Don Robaina, un hombre con may\u00fasculas, admirable, de a caballo, que nos va haciendo alg\u00fan chiste o gracia para entretenernos y hacer m\u00e1s llevadero el viaje\u2026 tomando diferentes caminos como nos indic\u00f3 el \u201cColo\u201d Sosa, para evitar un poco el tr\u00e1nsito, hicimos un parate breve para hidratarnos\u2026 el gran Mandinga nos prepara agua y gaseosas, nos indica que s\u00f3lo faltaban 8Km\u2026 Contentos seguimos viaje porque faltaba poco. Segu\u00edamos caminando, la tarde ca\u00eda, pero todav\u00eda no lleg\u00e1bamos\u2026 el gran calor no aflojaba\u2026 Mandinga se fue a Montes de Oca en la camioneta a buscar m\u00e1s hielo para seguir d\u00e1ndonos agua\u2026 volvimos a parar, tomamos algo y preguntamos \u201cY Mandi, cuantos Kil\u00f3metros faltan?\u201d \u2013 \u201c8\u201d \u2013 contest\u00f3\u2026 \u201cNo faltaban 8 hace como dos horas?\u201d&#8230; seguimos adelante\u2026 ya oscuro, tapados por la tierra, llegamos al Centro Tradicionalista \u201cVirgen del Lujan\u201d de \u201cMontes de Oca\u201d\u2026 Mandinga nos acompa\u00f1aba atr\u00e1s con la balizas de la chata por seguridad\u2026 la gente nos recibi\u00f3, ba\u00f1amos los caballos, les dimos agua y largamos\u2026 salimos a comprar una falda para asar, mientras esper\u00e1bamos la llegada de los otros gauchos que por trabajo no pudieron salir a la ma\u00f1ana y fueron directamente de Las Rosas a Montes de Oca: Sebastian Milanesio, Franco Bernardez, Andres Leiva, Lisandro Piedrabuena, Brian Riquelme y Maxii Agatti.<br \/>\nLa Familia de Mati Cinalli, nos visita para buscar a su sobrina Agustina y traer a su pap\u00e1, Oscar Cinalli, un tipo servicial que se preocupa por el bienestar de todos, que junto a Mandinga nos vienen acompa\u00f1ando en las cabalgatas y hacen una dupla espectacular.<br \/>\nCenamos, tomamos alg\u00fan Fernet y las bromas van y vienen\u2026 por ah\u00ed se lo escuchaba a Brian Bravo dici\u00e9ndole a Don Robaina \u201cRobiiii\u201d o \u201cBigoteee\u201d y el hombre campero que le gusta entretenerse y seguir la corriente, va contestando\u2026 las risas corren por el lugar y as\u00ed se pasa la cena hasta irnos a dormir. Esa noche Brian Bravo no nos dejaba dormir hablando y escuchando m\u00fasica\u2026 Lo quer\u00edamos matar\u2026<\/p>\n<p>Viernes 29, temprano a levantarse, desayunamos, ensillamos los caballos y salimos rumbo a Tortugas los 15 montados\u2026 Oscar y Mandinga se quedan limpiando, acomodando el lugar y cargando todo nuestro equipaje en la camioneta. Sab\u00edamos que el viaje iba a ser duro\u2026 se vislumbraba un intenso calor y por supuesto el camino de tierra era talco, harina, maizena y todo lo que se quieran imaginar\u2026 Risas, charlas, bromas, acompa\u00f1an al paso del caballo como siempre, compartiendo gratos momentos. En Tortugas nos espera gente de a caballo pertenecientes al Centro Tradicionalista \u201cEl Palenque\u201d. Ingresamos al Pueblo y un autoparlante nos acompa\u00f1a anunciando que \u00e9ramos de Las Rosas y est\u00e1bamos recorriendo el Departamento\u2026 Llegamos al campo de doma, ba\u00f1amos los caballos, tomaron agua y soltamos\u2026 Como siempre nos esperaban con el tradicional arroz con pollo. Un grato almuerzo lleno de risas como siempre, alg\u00fan vino que acompa\u00f1aba y un calor insoportable\u2026 Pasadas las 15:30hs, ensillamos y agradecidos de todas las atenciones, partimos rumbo a nuestro pr\u00f3ximo destino \u201cArmstrong\u201d\u2026 La gente de \u201cEl Palenque\u201d nos acompa\u00f1a un buen pedazo a caballo\u2026 el camino, para que contarlo, tierra hasta en las tripas ten\u00edamos. Poco antes de llegar al cementerio, una perra galga que nos segu\u00eda se envar\u00f3, de inmediato Franco Bernardez y Maxi Agatti bajaron de sus caballos a asistir al animal de tan intensos calambres\u2026 Masajes y masajes, pero no aflojaba, Franco la carg\u00f3 en su caballo y la llev\u00f3 hasta el cementerio d\u00f3nde su due\u00f1o la buscar\u00eda\u2026 All\u00ed nos despedimos de la gente de Tortugas y ya nos aguardaba gente de Armstrong a caballo\u2026 Realmente nos sentimos cuidados, fuimos escoltados por hermanos del lugar durante todo el trayecto. Parecer\u00eda que se hubiesen puesto de acuerdo, como haciendo una posta en el cementerio para no dejarnos solos. Por supuesto que all\u00ed tambi\u00e9n estaban nuestros cuidadores infaltables; Mandinga y Oscar, d\u00e1ndonos agua fresca y todo lo que necesit\u00e1ramos.<br \/>\nAl transitar el camino seco, recordamos la cabalgata del a\u00f1o anterior, con ese mismo camino lleno de agua, casi como una paradoja. La tarde ca\u00eda y nos acercamos a Armstrong, ingresamos a la Ciudad ya de noche. Fotos y videos como en todas las llegadas a cargo de Juani, transitando las calles hasta llegar al Centro Tradicionalista \u201cEl Tropero\u201d. Desensillamos, nos ba\u00f1amos, admiramos tan hermoso y cuidado lugar y so\u00f1amos con alg\u00fan d\u00eda tener algo similar. Como todos los a\u00f1os comimos un rico pollo a la parrilla que la gente de \u201cEl Tropero\u201d prepara para nosotros\u2026 la seguimos pasando muy bien hasta la hora de dormir\u2026 esta vez Brian Bravo no molesta, est\u00e1 muerto de cansancio\u2026 Mientras dorm\u00edamos, llegan a Armstrong tres amigos que tambi\u00e9n pertenecen a la Agrupaci\u00f3n y no pudieron hacer la cabalgata completa, pero se fueron de Las Rosas a Armstrong para hacer un d\u00eda de cabalgata con todo el grupo: Gustavo Joele, Titico Esquivel y \u201cEl negrito\u201d Vergara.<\/p>\n<p>En la ma\u00f1ana temprano del S\u00e1bado 30, nos levantamos, desayunamos y ensillamos\u2026 partimos rumbo a Las Parejas\u2026 ahora \u00e9ramos 18 de a caballo\u2026 El camperito Ferm\u00edn Quiroz, con s\u00f3lo 5 a\u00f1os es el m\u00e1s peque\u00f1o del grupo y con su viveza nos bromea todo el viaje haci\u00e9ndonos re\u00edr a todos\u2026 Su hermano Francisco es el que le sigue de los m\u00e1s chicos del grupo, si bien tiene otro perfil m\u00e1s serio y es de hablar poco, es bastante p\u00edcaro tambi\u00e9n y nos hace re\u00edr bastante\u2026 Su pap\u00e1 Armando se enorgullece de que sus dos gurises sean de a caballo y lo acompa\u00f1en en las cabalgatas, por ah\u00ed se le cae una l\u00e1grima tambi\u00e9n. \u00c9l con mucho amor est\u00e1 todo el tiempo asisti\u00e9ndolos, en cada salida tiene que ensillar tres caballos y en cada llegada ba\u00f1ar cinco, pero lo hace con gusto porque se le agranda el pecho de verlos a su lado.<br \/>\nAlrededor de las 10 de la ma\u00f1ana, llegamos a Las Parejas, al Centro tradicionalista \u201cHerencia Gaucha\u201d\u2026 como siempre nos reciben gratamente poniendo a disposici\u00f3n sus instalaciones\u2026 mientras vamos terminando de desensillar los caballos y ba\u00f1ar, Pablo y Mandinga salieron a comprar el asado\u2026 Teniamos un buen tiempo para descansar y nos acostamos a la sombra arriba de los recados, mientras Mandinga y Don Robaina se encargan de hacer fuego para cocinar la carne\u2026 Ferm\u00edn que est\u00e1 cada vez m\u00e1s p\u00edcaro le pregunta a Milanesio si no trajo corpi\u00f1os porque se le sacuden las tetas cuando va a caballo. Nosotros, muertos de risa, por temor a que el ni\u00f1o se quede atr\u00e1s con la viveza, le ense\u00f1amos a que diga \u201cTe manda cari\u00f1o, Milanesio sin corpi\u00f1o\u201d, pero con su inocencia no le sal\u00eda y \u00e9l repet\u00eda a diferentes personas \u201cTe manda Cari\u00f1o\u2026 el Seba\u201d. Comimos y conversamos debajo de las plantas por el gran calor, la gente del lugar nos invita para el 25 de Mayo que hacen una fiesta\u2026 Pasadas las 15Hs, partimos para hacer el \u00faltimo tramo y volver a la querencia\u2026 en fila india costeando la ruta, nos dirigimos a Las Rosas. Paramos una horita en el cruce de Montes de Oca para que descansen los caballos y nos hidratamos un poco\u2026 el \u201cOreja\u201d Robledo que no nos hab\u00eda podido acompa\u00f1ar en esta oportunidad estaba ah\u00ed esper\u00e1ndonos\u2026 al bajar del caballo nos daba un abrazo y se le ca\u00eda alguna l\u00e1grima\u2026 Luego del descanso seguimos viaje, ya faltaba poco\u2026 llegamos a Las Rosas, nos esperaba muy organizada la gente de Tr\u00e1nsito de la Municipalidad, la Polic\u00eda y algunos medios de comunicaci\u00f3n\u2026 y por supuesto, all\u00ed estaba toda nuestra familia que nos apoya incondicionalmente en esto\u2026 aplausos, felicitaciones, abrazos, l\u00e1grimas.. Un encuentro emocionante\u2026 Ingresamos por el antiguo camino de carretas que va a la Capital de Nuestra Provincia y hoy conserva el nombre de Calle Santa Fe, siendo el ingreso principal a la Ciudad. Vamos paseando por las calles a caballo y toda la familia nos acompa\u00f1a por atr\u00e1s en caravana\u2026 doblamos en la calle de nuestro general libertador San Mart\u00edn atravesando el centro y dos calles que llevan el nombre de su primera y su \u00faltima batalla, San Lorenzo y Maip\u00fa, d\u00f3nde doblamos para tomar Italia, pa\u00eds de d\u00f3nde vinieron muchos de los antepasados que hicimos esta cabalgata, llegando luego al ferrocarril, d\u00f3nde paraba el pata de fierro dando el impulso necesario para el crecimiento de estos pueblos\u2026 all\u00ed vuelven las emociones, alguien pide un aplauso para Don Robaina, que con sus 64 a\u00f1os se hizo toda la cabalgata por tercera vez. Fotos, saludos y nos desconcentramos, cada cual a su rancho\u2026 Yo ten\u00eda 10Km m\u00e1s para llegar al m\u00edo.<\/p>\n<p>&#8230;\u201cTengan uni\u00f3n verdadera,<br \/>\nen cualquier tiempo que sea\u2026\u201d<\/p>\n<p>Contin\u00faa diciendo Jos\u00e9 Hern\u00e1ndez es su obra \u201cEl Gaucho Mart\u00edn Fierro\u201d, y ese es el nombre de nuestra cabalgata \u201cUniendo el Departamento Belgrano\u201d. En tiempos d\u00f3nde una sociedad nos busca dividir por pensamientos, por posiciones sociales, por l\u00edmites y fronteras, nosotros estamos uniendo. Si trazamos una l\u00ednea imaginaria en el mapa de nuestro recorrido, el camino forma un coraz\u00f3n grande, como el que tuvo el Gral. Belgrano cuando cre\u00f3 nuestra Bandera Nacional y la enarbol\u00f3 por primera vez en nuestra Provincia, en Rosario para ser espec\u00edficos, a orillas del R\u00edo Paran\u00e1 un 27 de Febrero de 1812, d\u00e1ndonos un s\u00edmbolo de identidad para todos los que habitamos este territorio. Por eso es un orgullo que nuestro Departamento lleve el nombre del General Belgrano y nosotros seguiremos haciendo m\u00e1s cabalgatas aportando nuestro granito de arena como Agrupaci\u00f3n, siguiendo nuestra tradici\u00f3n y resembrando d\u00eda a d\u00eda los valores de compromiso, uni\u00f3n y fraternidad entre hermanos.<br \/>\n\u2026\u201cPorque si entre ellos se pelean,<br \/>\nlos devoran los de afuera\u201d<\/p>\n<p>Con mucho afecto<br \/>\nFernando Butto<\/p>\n","protected":false},"excerpt":{"rendered":"<p>\u201cLos Hermanos sean unidos porque esa es la ley primera\u2026\u201d Y all\u00ed estaba la Agrupaci\u00f3n \u201cSentimiento Gaucho\u201d, uniendo el Departamento Belgrano por cuarta vez consecutiva. El Jueves 29 de Marzo de 2018, desde la Ciudad de Las Rosas cabecera del Departamento Belgrano, salieron Armando Quiroz junto a sus dos hijos Francisco y Ferm\u00edn, Don Robaina, <a href=\"https:\/\/armstrongyregion.com.ar\/diario\/cuarta-cabalgata-uniendo-el-departamento-belgrano\/\" title=\"Read more\" >&#8230;<\/a><\/p>\n","protected":false},"author":1,"featured_media":16775,"comment_status":"open","ping_status":"open","sticky":false,"template":"","format":"standard","meta":{"_jetpack_memberships_contains_paid_content":false,"footnotes":"","jetpack_publicize_message":"","jetpack_publicize_feature_enabled":true,"jetpack_social_post_already_shared":false,"jetpack_social_options":{"image_generator_settings":{"template":"highway","default_image_id":0,"enabled":false},"version":2}},"categories":[6,8,1,3],"tags":[6568],"class_list":["post-16774","post","type-post","status-publish","format-standard","has-post-thumbnail","hentry","category-cultura-entretenimiento","category-deliberando","category-diario-armstrong","category-region","tag-cuarta-cabalgata-uniendo-el-departamento-belgrano"],"jetpack_publicize_connections":[],"jetpack_featured_media_url":"https:\/\/armstrongyregion.com.ar\/diario\/wp-content\/uploads\/2018\/04\/Fer-Betto-.jpg","jetpack_shortlink":"https:\/\/wp.me\/p62QDO-4my","jetpack_sharing_enabled":true,"amp_enabled":true,"_links":{"self":[{"href":"https:\/\/armstrongyregion.com.ar\/diario\/wp-json\/wp\/v2\/posts\/16774","targetHints":{"allow":["GET"]}}],"collection":[{"href":"https:\/\/armstrongyregion.com.ar\/diario\/wp-json\/wp\/v2\/posts"}],"about":[{"href":"https:\/\/armstrongyregion.com.ar\/diario\/wp-json\/wp\/v2\/types\/post"}],"author":[{"embeddable":true,"href":"https:\/\/armstrongyregion.com.ar\/diario\/wp-json\/wp\/v2\/users\/1"}],"replies":[{"embeddable":true,"href":"https:\/\/armstrongyregion.com.ar\/diario\/wp-json\/wp\/v2\/comments?post=16774"}],"version-history":[{"count":0,"href":"https:\/\/armstrongyregion.com.ar\/diario\/wp-json\/wp\/v2\/posts\/16774\/revisions"}],"wp:featuredmedia":[{"embeddable":true,"href":"https:\/\/armstrongyregion.com.ar\/diario\/wp-json\/wp\/v2\/media\/16775"}],"wp:attachment":[{"href":"https:\/\/armstrongyregion.com.ar\/diario\/wp-json\/wp\/v2\/media?parent=16774"}],"wp:term":[{"taxonomy":"category","embeddable":true,"href":"https:\/\/armstrongyregion.com.ar\/diario\/wp-json\/wp\/v2\/categories?post=16774"},{"taxonomy":"post_tag","embeddable":true,"href":"https:\/\/armstrongyregion.com.ar\/diario\/wp-json\/wp\/v2\/tags?post=16774"}],"curies":[{"name":"wp","href":"https:\/\/api.w.org\/{rel}","templated":true}]}}