{"id":16768,"date":"2018-04-06T15:04:27","date_gmt":"2018-04-06T15:04:27","guid":{"rendered":"https:\/\/armstrongyregion.com.ar\/diario\/?p=16768"},"modified":"2018-04-06T15:04:27","modified_gmt":"2018-04-06T15:04:27","slug":"armstrong-comienza-el-taller-de-bienestar-emocional","status":"publish","type":"post","link":"https:\/\/armstrongyregion.com.ar\/diario\/armstrong-comienza-el-taller-de-bienestar-emocional\/","title":{"rendered":"Armstrong. Comienza el Taller de Bienestar Emocional."},"content":{"rendered":"<p><a href=\"http:\/\/armstrongyregion.com.ar\/diario\/wp-content\/uploads\/2018\/04\/taller-bienestar-2018.jpg\"><img loading=\"lazy\" decoding=\"async\" src=\"http:\/\/armstrongyregion.com.ar\/diario\/wp-content\/uploads\/2018\/04\/taller-bienestar-2018.jpg\" alt=\"taller bienestar 2018\" width=\"768\" height=\"530\" class=\"alignnone size-full wp-image-16769\" srcset=\"https:\/\/armstrongyregion.com.ar\/diario\/wp-content\/uploads\/2018\/04\/taller-bienestar-2018.jpg 768w, https:\/\/armstrongyregion.com.ar\/diario\/wp-content\/uploads\/2018\/04\/taller-bienestar-2018-300x207.jpg 300w\" sizes=\"auto, (max-width: 768px) 100vw, 768px\" \/><\/a>La Municipalidad de Armstrong a trav\u00e9s de la Secretar\u00eda de Educaci\u00f3n, Cultura y Deporte invita a participar de un nuevo taller que se incorpora a la grilla de actividades. Se trata de bienestar emocional.<br \/>\nLa actividad, para lograr bienestar emocional, ps\u00edquico y f\u00edsico, estar\u00e1 coordinada por la Psic\u00f3loga y biodecodificadora Alicia Specchulli, y la Master Reiki y decodificadora biol\u00f3gica Mirta Rudolf, y se contar\u00e1 con la participaci\u00f3n especial de profesionales invitados.<\/p>\n<p>El objetivo es que muchas personas se beneficien en poco tiempo a trav\u00e9s de conocimientos impartidos por profesionales y terapeutas de distintas \u00e1reas, compartiendo, reflexionando y aprendiendo diferentes t\u00e9cnicas que puedan ser autoaplicadas, propiciando el bienestar emocional.<\/p>\n<p>El taller se dictar\u00e1 el primer s\u00e1bado de cada mes, de 15 a 18 hs. en el sal\u00f3n auditorio Delmo Dar\u00f3, inici\u00e1ndose el 7 de abril con el tema \u201cCerrando ciclos para vivir mi propio proyecto\u201d, y se continuar\u00e1 de la siguiente manera:<\/p>\n<p>05\/05: \u00abLas enfermedades como soluci\u00f3n a un conflicto\u201d                                                                                         <\/p>\n<p>02\/06: \u00abAlimentaci\u00f3n, su importancia en el cambio emocional\u201d                                 <\/p>\n<p>07\/07: \u00abRelaciones interpersonales\u201d                                                                                                                         <\/p>\n<p>04\/08: \u00abLa pareja como reflejo de mi inconsciente\u201d                                                                                                 <\/p>\n<p>01\/09: \u00abLos duelos no resueltos\u201d                                                                                                                                 <\/p>\n<p>06\/10: \u00abLas carencias\/Los miedos\u201d                                                                                                                                 <\/p>\n<p>03\/11: \u00abEl perd\u00f3n como la llave de sanaci\u00f3n\u201d<\/p>\n<p>Si bien ser\u00eda beneficioso para los interesados concurrir a todos los encuentros, no es obligatorio ya que se pueden elegir los temas para asistir a estas capacitaciones.<\/p>\n<p>Informes e inscripci\u00f3n, en la Secretar\u00eda de Educaci\u00f3n, Cultura y Deporte.<\/p>\n","protected":false},"excerpt":{"rendered":"<p>La Municipalidad de Armstrong a trav\u00e9s de la Secretar\u00eda de Educaci\u00f3n, Cultura y Deporte invita a participar de un nuevo taller que se incorpora a la grilla de actividades. Se trata de bienestar emocional. La actividad, para lograr bienestar emocional, ps\u00edquico y f\u00edsico, estar\u00e1 coordinada por la Psic\u00f3loga y biodecodificadora Alicia Specchulli, y la Master <a href=\"https:\/\/armstrongyregion.com.ar\/diario\/armstrong-comienza-el-taller-de-bienestar-emocional\/\" title=\"Read more\" >&#8230;<\/a><\/p>\n","protected":false},"author":1,"featured_media":16769,"comment_status":"open","ping_status":"open","sticky":false,"template":"","format":"standard","meta":{"_jetpack_memberships_contains_paid_content":false,"footnotes":"","jetpack_publicize_message":"","jetpack_publicize_feature_enabled":true,"jetpack_social_post_already_shared":false,"jetpack_social_options":{"image_generator_settings":{"template":"highway","default_image_id":0,"enabled":false},"version":2}},"categories":[8,1,2,4],"tags":[6566],"class_list":["post-16768","post","type-post","status-publish","format-standard","has-post-thumbnail","hentry","category-deliberando","category-diario-armstrong","category-locales","category-prevencion-salud","tag-armstrong-comienza-el-taller-de-bienestar-emocional"],"jetpack_publicize_connections":[],"jetpack_featured_media_url":"https:\/\/armstrongyregion.com.ar\/diario\/wp-content\/uploads\/2018\/04\/taller-bienestar-2018.jpg","jetpack_shortlink":"https:\/\/wp.me\/p62QDO-4ms","jetpack_sharing_enabled":true,"amp_enabled":true,"_links":{"self":[{"href":"https:\/\/armstrongyregion.com.ar\/diario\/wp-json\/wp\/v2\/posts\/16768","targetHints":{"allow":["GET"]}}],"collection":[{"href":"https:\/\/armstrongyregion.com.ar\/diario\/wp-json\/wp\/v2\/posts"}],"about":[{"href":"https:\/\/armstrongyregion.com.ar\/diario\/wp-json\/wp\/v2\/types\/post"}],"author":[{"embeddable":true,"href":"https:\/\/armstrongyregion.com.ar\/diario\/wp-json\/wp\/v2\/users\/1"}],"replies":[{"embeddable":true,"href":"https:\/\/armstrongyregion.com.ar\/diario\/wp-json\/wp\/v2\/comments?post=16768"}],"version-history":[{"count":0,"href":"https:\/\/armstrongyregion.com.ar\/diario\/wp-json\/wp\/v2\/posts\/16768\/revisions"}],"wp:featuredmedia":[{"embeddable":true,"href":"https:\/\/armstrongyregion.com.ar\/diario\/wp-json\/wp\/v2\/media\/16769"}],"wp:attachment":[{"href":"https:\/\/armstrongyregion.com.ar\/diario\/wp-json\/wp\/v2\/media?parent=16768"}],"wp:term":[{"taxonomy":"category","embeddable":true,"href":"https:\/\/armstrongyregion.com.ar\/diario\/wp-json\/wp\/v2\/categories?post=16768"},{"taxonomy":"post_tag","embeddable":true,"href":"https:\/\/armstrongyregion.com.ar\/diario\/wp-json\/wp\/v2\/tags?post=16768"}],"curies":[{"name":"wp","href":"https:\/\/api.w.org\/{rel}","templated":true}]}}