{"id":16753,"date":"2018-04-05T13:44:19","date_gmt":"2018-04-05T13:44:19","guid":{"rendered":"https:\/\/armstrongyregion.com.ar\/diario\/?p=16753"},"modified":"2018-04-05T13:44:19","modified_gmt":"2018-04-05T13:44:19","slug":"gabinete-joven-informando-y-promocionando-las-becas-de-la-reforma","status":"publish","type":"post","link":"https:\/\/armstrongyregion.com.ar\/diario\/gabinete-joven-informando-y-promocionando-las-becas-de-la-reforma\/","title":{"rendered":"Gabinete Joven informando y promocionando las Becas de la Reforma."},"content":{"rendered":"<p><a href=\"http:\/\/armstrongyregion.com.ar\/diario\/wp-content\/uploads\/2018\/04\/Gabinete-joven-.jpg\"><img loading=\"lazy\" decoding=\"async\" src=\"http:\/\/armstrongyregion.com.ar\/diario\/wp-content\/uploads\/2018\/04\/Gabinete-joven-.jpg\" alt=\"Gabinete-joven-\" width=\"960\" height=\"720\" class=\"alignnone size-full wp-image-16754\" srcset=\"https:\/\/armstrongyregion.com.ar\/diario\/wp-content\/uploads\/2018\/04\/Gabinete-joven-.jpg 960w, https:\/\/armstrongyregion.com.ar\/diario\/wp-content\/uploads\/2018\/04\/Gabinete-joven--300x225.jpg 300w\" sizes=\"auto, (max-width: 960px) 100vw, 960px\" \/><\/a>En la tarde del mi\u00e9rcoles 4 de abril, dos integrantes del Gabinete Joven de la Pcia. en esta oportunidad  D\u00e9bora Tonina y Andr\u00e9s Barbo estuvieron promocionando a trav\u00e9s de los medios locales las becas de la reforma.<br \/>\nEstas becas constituyen pol\u00edticas complementarias del Estado Provincial con el fin de promover el acceso y permanencia de las y los j\u00f3venes en las instituciones educativas de nivel terciario y universitario. Consiste en una asignaci\u00f3n est\u00edmulo de car\u00e1cter econ\u00f3mico. El beneficio es entregado mensualmente, en el per\u00edodo de marzo a diciembre del a\u00f1o de la convocatoria.<br \/>\nRequisitos para ser beneficiario\/a<br \/>\nTener domicilio en la Provincia de Santa Fe.<br \/>\nAsistir a un establecimiento educativo p\u00fablico de la Provincia de Santa Fe.<br \/>\nQue la instituci\u00f3n educativa a la que asista se encuentre dentro de la Provincia de Santa Fe y a m\u00e1s de 40 kil\u00f3metros de distancia de la localidad de procedencia.<br \/>\nEstar dentro de los primeros tres a\u00f1os de la carrera desde el ingreso a la misma.<br \/>\nTener hasta veintinueve (29) a\u00f1os de edad.<br \/>\nNo podr\u00e1s ser beneficiario si:<\/p>\n<p>Ya posees alg\u00fan t\u00edtulo terciario o universitario.<br \/>\nLa carrera que estudias se encuentre disponible en tu localidad de origen.<br \/>\nRecib\u00eds otra beca similar a la Beca de la Reforma, con excepci\u00f3n de PROG.RE.SAR que podr\u00e1n percibir Media Beca (50% del monto estimulo fijado mensualmente) con el objetivo de equiparar el monto recibido por los beneficiarios de la Beca de la Reforma.<br \/>\nConvocatoria 2018<br \/>\nEl programa de becas de la Reforma cuenta con cuatro etapas:<\/p>\n<p>Inscripci\u00f3n<br \/>\nLa inscripci\u00f3n est\u00e1 abierta desde el 15 de marzo de 2018. La misma tiene car\u00e1cter de Declaraci\u00f3n Jurada y la falsedad en la informaci\u00f3n que proporciones producir\u00e1 el cese del beneficio, sin perjuicio de otras sanciones que puedan corresponder.<br \/>\nPreselecci\u00f3n<br \/>\nLa preselecci\u00f3n ser\u00e1 autom\u00e1tica y tendr\u00e1 en cuenta la situaci\u00f3n socioecon\u00f3mica de los aspirantes. La misma ser\u00e1 comunicada por e-mail.<br \/>\nDocumentaci\u00f3n respaldatoria<br \/>\nSi el aspirante fue preseleccionado deber\u00e1 presentar la documentaci\u00f3n respaldatoria de los datos que ingres\u00f3 en el formulario. La fecha de presentaci\u00f3n ser\u00e1 comunicada por e-mail.<br \/>\nPodr\u00e1s hacerlo personalmente, por correo postal o intermediario:<br \/>\n&#8211; Regi\u00f3n 1 &#8211; Nodo Reconquista: Bv. Hip\u00f3lito Irigoyen 1415, Reconquista. CP. 3560 -Tel. (03482) 438895 &#8211; Horario: 8:30 a 12:30<br \/>\n&#8211; Regi\u00f3n 2 &#8211; Nodo Rafaela: Bv. Santa Fe 2771, Rafaela. CP. 2300 &#8211; Tel. (03492) 453061 Horario: 8:00 a 13:00.<br \/>\n&#8211; Regi\u00f3n 3 &#8211; Secretar\u00eda de Juventudes: Salta 2549, Ciudad de Santa Fe. CP. 3000 Tel. (0342) 4572427 Horario: 9:00 a 15:00.<br \/>\n&#8211; Regi\u00f3n 4 &#8211; Secretar\u00eda de Juventudes: Santa Fe 2195, Rosario. CP. 2000 &#8211; Horario: 9:00 a 15:00.<br \/>\n&#8211; Regi\u00f3n 5 &#8211; Nodo Venado Tuerto: 9 de julio 1765. CP. 2600 &#8211; Tel. (03462) 408800\/01 &#8211; Horario: 8:00 a 12:00<br \/>\nAdjudicaci\u00f3n<br \/>\nUna vez cotejados los datos la Secretar\u00eda de Juventudes procede a la adjudicaci\u00f3n del beneficio. En esta convocatoria ser\u00e1n adjudicadas un total de 1000 becas por un monto de $18.000.- (pesos dieciocho mil) pagaderos en 10 cuotas de $ 1.800.- (pesos mil ochocientos). Aquellos que posean PROG.RE.SAR podr\u00e1n ser beneficiarios de Media Beca por un monto de $9.000.- (pesos nueve mil) pagaderos en 10 cuotas de $900.- (Pesos novecientos)<\/p>\n","protected":false},"excerpt":{"rendered":"<p>En la tarde del mi\u00e9rcoles 4 de abril, dos integrantes del Gabinete Joven de la Pcia. en esta oportunidad D\u00e9bora Tonina y Andr\u00e9s Barbo estuvieron promocionando a trav\u00e9s de los medios locales las becas de la reforma. Estas becas constituyen pol\u00edticas complementarias del Estado Provincial con el fin de promover el acceso y permanencia de <a href=\"https:\/\/armstrongyregion.com.ar\/diario\/gabinete-joven-informando-y-promocionando-las-becas-de-la-reforma\/\" title=\"Read more\" >&#8230;<\/a><\/p>\n","protected":false},"author":1,"featured_media":16754,"comment_status":"open","ping_status":"open","sticky":false,"template":"","format":"standard","meta":{"_jetpack_memberships_contains_paid_content":false,"footnotes":"","jetpack_publicize_message":"","jetpack_publicize_feature_enabled":true,"jetpack_social_post_already_shared":false,"jetpack_social_options":{"image_generator_settings":{"template":"highway","default_image_id":0,"enabled":false},"version":2}},"categories":[8,1,2,7],"tags":[6561],"class_list":["post-16753","post","type-post","status-publish","format-standard","has-post-thumbnail","hentry","category-deliberando","category-diario-armstrong","category-locales","category-politica","tag-gabinete-joven-informando-y-promocionando-las-becas-de-la-reforma"],"jetpack_publicize_connections":[],"jetpack_featured_media_url":"https:\/\/armstrongyregion.com.ar\/diario\/wp-content\/uploads\/2018\/04\/Gabinete-joven-.jpg","jetpack_shortlink":"https:\/\/wp.me\/p62QDO-4md","jetpack_sharing_enabled":true,"amp_enabled":true,"_links":{"self":[{"href":"https:\/\/armstrongyregion.com.ar\/diario\/wp-json\/wp\/v2\/posts\/16753","targetHints":{"allow":["GET"]}}],"collection":[{"href":"https:\/\/armstrongyregion.com.ar\/diario\/wp-json\/wp\/v2\/posts"}],"about":[{"href":"https:\/\/armstrongyregion.com.ar\/diario\/wp-json\/wp\/v2\/types\/post"}],"author":[{"embeddable":true,"href":"https:\/\/armstrongyregion.com.ar\/diario\/wp-json\/wp\/v2\/users\/1"}],"replies":[{"embeddable":true,"href":"https:\/\/armstrongyregion.com.ar\/diario\/wp-json\/wp\/v2\/comments?post=16753"}],"version-history":[{"count":0,"href":"https:\/\/armstrongyregion.com.ar\/diario\/wp-json\/wp\/v2\/posts\/16753\/revisions"}],"wp:featuredmedia":[{"embeddable":true,"href":"https:\/\/armstrongyregion.com.ar\/diario\/wp-json\/wp\/v2\/media\/16754"}],"wp:attachment":[{"href":"https:\/\/armstrongyregion.com.ar\/diario\/wp-json\/wp\/v2\/media?parent=16753"}],"wp:term":[{"taxonomy":"category","embeddable":true,"href":"https:\/\/armstrongyregion.com.ar\/diario\/wp-json\/wp\/v2\/categories?post=16753"},{"taxonomy":"post_tag","embeddable":true,"href":"https:\/\/armstrongyregion.com.ar\/diario\/wp-json\/wp\/v2\/tags?post=16753"}],"curies":[{"name":"wp","href":"https:\/\/api.w.org\/{rel}","templated":true}]}}