{"id":1675,"date":"2015-04-10T22:43:36","date_gmt":"2015-04-10T22:43:36","guid":{"rendered":"https:\/\/armstrongyregion.com.ar\/diario\/?p=1675"},"modified":"2015-04-10T22:43:36","modified_gmt":"2015-04-10T22:43:36","slug":"canada-de-gomez-declaracion-de-interes-por-los-100-anos-de-la-escuela-alberdi","status":"publish","type":"post","link":"https:\/\/armstrongyregion.com.ar\/diario\/canada-de-gomez-declaracion-de-interes-por-los-100-anos-de-la-escuela-alberdi\/","title":{"rendered":"Ca\u00f1ada de G\u00f3mez. Declaraci\u00f3n de Inter\u00e9s por los 100 a\u00f1os de la Escuela Alberdi."},"content":{"rendered":"<p><a href=\"http:\/\/armstrongyregion.com.ar\/diario\/wp-content\/uploads\/2015\/04\/2015-04-10-Declaraci\u00f3n-de-Inter\u00e9s-por-los-100-a\u00f1os-de-la-Escuela-Alberdi.jpg\"><img loading=\"lazy\" decoding=\"async\" class=\"alignnone size-medium wp-image-1676\" src=\"http:\/\/armstrongyregion.com.ar\/diario\/wp-content\/uploads\/2015\/04\/2015-04-10-Declaraci\u00f3n-de-Inter\u00e9s-por-los-100-a\u00f1os-de-la-Escuela-Alberdi-300x225.jpg\" alt=\" Declaraci\u00f3n de Inter\u00e9s\" width=\"300\" height=\"225\" srcset=\"https:\/\/armstrongyregion.com.ar\/diario\/wp-content\/uploads\/2015\/04\/2015-04-10-Declaraci\u00f3n-de-Inter\u00e9s-por-los-100-a\u00f1os-de-la-Escuela-Alberdi-300x225.jpg 300w, https:\/\/armstrongyregion.com.ar\/diario\/wp-content\/uploads\/2015\/04\/2015-04-10-Declaraci\u00f3n-de-Inter\u00e9s-por-los-100-a\u00f1os-de-la-Escuela-Alberdi.jpg 400w\" sizes=\"auto, (max-width: 300px) 100vw, 300px\" \/><\/a>El concejal Fernando Mauroni present\u00f3 un proyecto de declaraci\u00f3n de inter\u00e9s por la celebraci\u00f3n del centenario de la instituci\u00f3n educativa de Ca\u00f1ada de G\u00f3mez, que fue aprobado por unanimidad en el Concejo. El reconocimiento ser\u00e1 entregado el lunes durante el acto protocolar.<\/p>\n<p>Mauroni centr\u00f3 su iniciativa en el reconocimiento \u201ca una instituci\u00f3n que cumple 100 a\u00f1os de vida junto a la educaci\u00f3n p\u00fablica, y con un enorme prestigio, no solo por su calidad educativa, sino tambi\u00e9n humana\u201d.<\/p>\n<p>Este reconocimiento, aprobado en forma un\u00e1nime en el Concejo de Ca\u00f1ada de G\u00f3mez, ser\u00e1 entregado por su presidente Mat\u00edas Chale a las autoridades de la escuela el pr\u00f3ximo lunes 13 de abril, durante el acto protocolar por los festejos del centenario.<\/p>\n<p>La Escuela Primaria N\u00b0 493 \u00abJuan Bautista Alberdi\u00bb comenz\u00f3 a dictar clases en el establecimiento ubicado en calle Rivadavia y Mitre, (hoy farmacia Iadanza), traslad\u00e1ndose luego al actual edificio de Belgrano y Necochea. Por sus aulas pasaron numerosos alumnos, muchos de ellos personalidades destacadas de la ciudad, y docentes ejemplares, que brindaron calidad educativa y contenci\u00f3n afectiva.<\/p>\n<p>Seg\u00fan agreg\u00f3 Mauroni, \u201des un verdadero ejemplo de lucha y perseverancia por la calidad de la educaci\u00f3n p\u00fablica\u201d.<\/p>\n","protected":false},"excerpt":{"rendered":"<p>El concejal Fernando Mauroni present\u00f3 un proyecto de declaraci\u00f3n de inter\u00e9s por la celebraci\u00f3n del centenario de la instituci\u00f3n educativa de Ca\u00f1ada de G\u00f3mez, que fue aprobado por unanimidad en el Concejo. El reconocimiento ser\u00e1 entregado el lunes durante el acto protocolar. Mauroni centr\u00f3 su iniciativa en el reconocimiento \u201ca una instituci\u00f3n que cumple 100 <a href=\"https:\/\/armstrongyregion.com.ar\/diario\/canada-de-gomez-declaracion-de-interes-por-los-100-anos-de-la-escuela-alberdi\/\" title=\"Read more\" >&#8230;<\/a><\/p>\n","protected":false},"author":2,"featured_media":1676,"comment_status":"open","ping_status":"open","sticky":false,"template":"","format":"standard","meta":{"_jetpack_memberships_contains_paid_content":false,"footnotes":"","jetpack_publicize_message":"","jetpack_publicize_feature_enabled":true,"jetpack_social_post_already_shared":false,"jetpack_social_options":{"image_generator_settings":{"template":"highway","default_image_id":0,"enabled":false},"version":2}},"categories":[1,3],"tags":[681,1395,197,1393,19,744,1394,31,42,60],"class_list":["post-1675","post","type-post","status-publish","format-standard","has-post-thumbnail","hentry","category-diario-armstrong","category-region","tag-681","tag-alberdi","tag-anos","tag-canada-de-gomez-declaracion","tag-de","tag-escuela","tag-interes","tag-la","tag-los","tag-por"],"jetpack_publicize_connections":[],"jetpack_featured_media_url":"https:\/\/armstrongyregion.com.ar\/diario\/wp-content\/uploads\/2015\/04\/2015-04-10-Declaraci\u00f3n-de-Inter\u00e9s-por-los-100-a\u00f1os-de-la-Escuela-Alberdi.jpg","jetpack_shortlink":"https:\/\/wp.me\/p62QDO-r1","jetpack_sharing_enabled":true,"amp_enabled":true,"_links":{"self":[{"href":"https:\/\/armstrongyregion.com.ar\/diario\/wp-json\/wp\/v2\/posts\/1675","targetHints":{"allow":["GET"]}}],"collection":[{"href":"https:\/\/armstrongyregion.com.ar\/diario\/wp-json\/wp\/v2\/posts"}],"about":[{"href":"https:\/\/armstrongyregion.com.ar\/diario\/wp-json\/wp\/v2\/types\/post"}],"author":[{"embeddable":true,"href":"https:\/\/armstrongyregion.com.ar\/diario\/wp-json\/wp\/v2\/users\/2"}],"replies":[{"embeddable":true,"href":"https:\/\/armstrongyregion.com.ar\/diario\/wp-json\/wp\/v2\/comments?post=1675"}],"version-history":[{"count":0,"href":"https:\/\/armstrongyregion.com.ar\/diario\/wp-json\/wp\/v2\/posts\/1675\/revisions"}],"wp:featuredmedia":[{"embeddable":true,"href":"https:\/\/armstrongyregion.com.ar\/diario\/wp-json\/wp\/v2\/media\/1676"}],"wp:attachment":[{"href":"https:\/\/armstrongyregion.com.ar\/diario\/wp-json\/wp\/v2\/media?parent=1675"}],"wp:term":[{"taxonomy":"category","embeddable":true,"href":"https:\/\/armstrongyregion.com.ar\/diario\/wp-json\/wp\/v2\/categories?post=1675"},{"taxonomy":"post_tag","embeddable":true,"href":"https:\/\/armstrongyregion.com.ar\/diario\/wp-json\/wp\/v2\/tags?post=1675"}],"curies":[{"name":"wp","href":"https:\/\/api.w.org\/{rel}","templated":true}]}}