{"id":16743,"date":"2018-04-05T12:29:03","date_gmt":"2018-04-05T12:29:03","guid":{"rendered":"https:\/\/armstrongyregion.com.ar\/diario\/?p=16743"},"modified":"2018-04-05T12:29:03","modified_gmt":"2018-04-05T12:29:03","slug":"rasetto-participo-de-la-jornada-provincial-de-comites-de-cuenca","status":"publish","type":"post","link":"https:\/\/armstrongyregion.com.ar\/diario\/rasetto-participo-de-la-jornada-provincial-de-comites-de-cuenca\/","title":{"rendered":"Rasetto particip\u00f3 de la Jornada Provincial de Comit\u00e9s de Cuenca."},"content":{"rendered":"<p><a href=\"http:\/\/armstrongyregion.com.ar\/diario\/wp-content\/uploads\/2018\/04\/Cuenca-.jpeg\"><img loading=\"lazy\" decoding=\"async\" src=\"http:\/\/armstrongyregion.com.ar\/diario\/wp-content\/uploads\/2018\/04\/Cuenca-.jpeg\" alt=\"Cuenca-\" width=\"768\" height=\"432\" class=\"alignnone size-full wp-image-16744\" srcset=\"https:\/\/armstrongyregion.com.ar\/diario\/wp-content\/uploads\/2018\/04\/Cuenca-.jpeg 768w, https:\/\/armstrongyregion.com.ar\/diario\/wp-content\/uploads\/2018\/04\/Cuenca--300x169.jpeg 300w\" sizes=\"auto, (max-width: 768px) 100vw, 768px\" \/><\/a>Hugo Jes\u00fas Rasetto particip\u00f3 este mi\u00e9rcoles por la tarde de la Jornada Provincial de Comit\u00e9s de Cuenca 2018, encabezada por el gobernador Miguel Lifschitz y realizada en el Centro C\u00edvico de la Regi\u00f3n 3 Nodo Santa Fe, en la ciudad de Recreo.<br \/>\nLa jornada, dirigida a integrantes de los comit\u00e9s de cuenca, autoridades y miembros de organismos provinciales y nacionales ligados a la gesti\u00f3n del agua en la provincia, tuvo como representante del Departamento Iriondo adema\u00e1s a Lujan Castellani, presidente del Comit\u00e9 de Cuencas Arroyo Totoras, Canales Salto Grande y Serodino, quien recibi\u00f3 un certificado por parte del gobernador.<\/p>\n","protected":false},"excerpt":{"rendered":"<p>Hugo Jes\u00fas Rasetto particip\u00f3 este mi\u00e9rcoles por la tarde de la Jornada Provincial de Comit\u00e9s de Cuenca 2018, encabezada por el gobernador Miguel Lifschitz y realizada en el Centro C\u00edvico de la Regi\u00f3n 3 Nodo Santa Fe, en la ciudad de Recreo. La jornada, dirigida a integrantes de los comit\u00e9s de cuenca, autoridades y miembros <a href=\"https:\/\/armstrongyregion.com.ar\/diario\/rasetto-participo-de-la-jornada-provincial-de-comites-de-cuenca\/\" title=\"Read more\" >&#8230;<\/a><\/p>\n","protected":false},"author":1,"featured_media":16744,"comment_status":"open","ping_status":"open","sticky":false,"template":"","format":"standard","meta":{"_jetpack_memberships_contains_paid_content":false,"footnotes":"","jetpack_publicize_message":"","jetpack_publicize_feature_enabled":true,"jetpack_social_post_already_shared":false,"jetpack_social_options":{"image_generator_settings":{"template":"highway","default_image_id":0,"enabled":false},"version":2}},"categories":[8,1,7,3],"tags":[6559],"class_list":["post-16743","post","type-post","status-publish","format-standard","has-post-thumbnail","hentry","category-deliberando","category-diario-armstrong","category-politica","category-region","tag-rasetto-participo-de-la-jornada-provincial-de-comites-de-cuenca"],"jetpack_publicize_connections":[],"jetpack_featured_media_url":"https:\/\/armstrongyregion.com.ar\/diario\/wp-content\/uploads\/2018\/04\/Cuenca-.jpeg","jetpack_shortlink":"https:\/\/wp.me\/p62QDO-4m3","jetpack_sharing_enabled":true,"amp_enabled":true,"_links":{"self":[{"href":"https:\/\/armstrongyregion.com.ar\/diario\/wp-json\/wp\/v2\/posts\/16743","targetHints":{"allow":["GET"]}}],"collection":[{"href":"https:\/\/armstrongyregion.com.ar\/diario\/wp-json\/wp\/v2\/posts"}],"about":[{"href":"https:\/\/armstrongyregion.com.ar\/diario\/wp-json\/wp\/v2\/types\/post"}],"author":[{"embeddable":true,"href":"https:\/\/armstrongyregion.com.ar\/diario\/wp-json\/wp\/v2\/users\/1"}],"replies":[{"embeddable":true,"href":"https:\/\/armstrongyregion.com.ar\/diario\/wp-json\/wp\/v2\/comments?post=16743"}],"version-history":[{"count":0,"href":"https:\/\/armstrongyregion.com.ar\/diario\/wp-json\/wp\/v2\/posts\/16743\/revisions"}],"wp:featuredmedia":[{"embeddable":true,"href":"https:\/\/armstrongyregion.com.ar\/diario\/wp-json\/wp\/v2\/media\/16744"}],"wp:attachment":[{"href":"https:\/\/armstrongyregion.com.ar\/diario\/wp-json\/wp\/v2\/media?parent=16743"}],"wp:term":[{"taxonomy":"category","embeddable":true,"href":"https:\/\/armstrongyregion.com.ar\/diario\/wp-json\/wp\/v2\/categories?post=16743"},{"taxonomy":"post_tag","embeddable":true,"href":"https:\/\/armstrongyregion.com.ar\/diario\/wp-json\/wp\/v2\/tags?post=16743"}],"curies":[{"name":"wp","href":"https:\/\/api.w.org\/{rel}","templated":true}]}}