{"id":16729,"date":"2018-04-04T13:02:32","date_gmt":"2018-04-04T13:02:32","guid":{"rendered":"https:\/\/armstrongyregion.com.ar\/diario\/?p=16729"},"modified":"2018-04-04T13:02:32","modified_gmt":"2018-04-04T13:02:32","slug":"muestra-colectiva-de-artistas-canadenses-homenaje-a-elide-damiano","status":"publish","type":"post","link":"https:\/\/armstrongyregion.com.ar\/diario\/muestra-colectiva-de-artistas-canadenses-homenaje-a-elide-damiano\/","title":{"rendered":"Muestra Colectiva de artistas ca\u00f1adenses. Homenaje a Elide Damiano."},"content":{"rendered":"<p><a href=\"http:\/\/armstrongyregion.com.ar\/diario\/wp-content\/uploads\/2018\/04\/Elede..jpg\"><img loading=\"lazy\" decoding=\"async\" src=\"http:\/\/armstrongyregion.com.ar\/diario\/wp-content\/uploads\/2018\/04\/Elede..jpg\" alt=\"Elede.\" width=\"768\" height=\"512\" class=\"alignnone size-full wp-image-16730\" srcset=\"https:\/\/armstrongyregion.com.ar\/diario\/wp-content\/uploads\/2018\/04\/Elede..jpg 768w, https:\/\/armstrongyregion.com.ar\/diario\/wp-content\/uploads\/2018\/04\/Elede.-300x200.jpg 300w\" sizes=\"auto, (max-width: 768px) 100vw, 768px\" \/><\/a>Este mi\u00e9rcoles 4 de abril a las 20 hs. inauguramos la temporada 2018 del Museo de Arte Ca\u00f1adense, donde contaremos con la presencia de m\u00e1s de 15 artistas ca\u00f1adenses que expondr\u00e1n sus obras.<br \/>\nDurante la jornada se reconocer\u00e1 la trayectoria de la artista local Elede Damiano imponiendo su nombre a una de las salas del MAC.<\/p>\n","protected":false},"excerpt":{"rendered":"<p>Este mi\u00e9rcoles 4 de abril a las 20 hs. inauguramos la temporada 2018 del Museo de Arte Ca\u00f1adense, donde contaremos con la presencia de m\u00e1s de 15 artistas ca\u00f1adenses que expondr\u00e1n sus obras. Durante la jornada se reconocer\u00e1 la trayectoria de la artista local Elede Damiano imponiendo su nombre a una de las salas del <a href=\"https:\/\/armstrongyregion.com.ar\/diario\/muestra-colectiva-de-artistas-canadenses-homenaje-a-elide-damiano\/\" title=\"Read more\" >&#8230;<\/a><\/p>\n","protected":false},"author":1,"featured_media":16730,"comment_status":"open","ping_status":"open","sticky":false,"template":"","format":"standard","meta":{"_jetpack_memberships_contains_paid_content":false,"footnotes":"","jetpack_publicize_message":"","jetpack_publicize_feature_enabled":true,"jetpack_social_post_already_shared":false,"jetpack_social_options":{"image_generator_settings":{"template":"highway","default_image_id":0,"enabled":false},"version":2}},"categories":[8,1,2,3],"tags":[6556],"class_list":["post-16729","post","type-post","status-publish","format-standard","has-post-thumbnail","hentry","category-deliberando","category-diario-armstrong","category-locales","category-region","tag-muestra-colectiva-de-artistas-canadenses-homenaje-a-elide-damiano"],"jetpack_publicize_connections":[],"jetpack_featured_media_url":"https:\/\/armstrongyregion.com.ar\/diario\/wp-content\/uploads\/2018\/04\/Elede..jpg","jetpack_shortlink":"https:\/\/wp.me\/p62QDO-4lP","jetpack_sharing_enabled":true,"amp_enabled":true,"_links":{"self":[{"href":"https:\/\/armstrongyregion.com.ar\/diario\/wp-json\/wp\/v2\/posts\/16729","targetHints":{"allow":["GET"]}}],"collection":[{"href":"https:\/\/armstrongyregion.com.ar\/diario\/wp-json\/wp\/v2\/posts"}],"about":[{"href":"https:\/\/armstrongyregion.com.ar\/diario\/wp-json\/wp\/v2\/types\/post"}],"author":[{"embeddable":true,"href":"https:\/\/armstrongyregion.com.ar\/diario\/wp-json\/wp\/v2\/users\/1"}],"replies":[{"embeddable":true,"href":"https:\/\/armstrongyregion.com.ar\/diario\/wp-json\/wp\/v2\/comments?post=16729"}],"version-history":[{"count":0,"href":"https:\/\/armstrongyregion.com.ar\/diario\/wp-json\/wp\/v2\/posts\/16729\/revisions"}],"wp:featuredmedia":[{"embeddable":true,"href":"https:\/\/armstrongyregion.com.ar\/diario\/wp-json\/wp\/v2\/media\/16730"}],"wp:attachment":[{"href":"https:\/\/armstrongyregion.com.ar\/diario\/wp-json\/wp\/v2\/media?parent=16729"}],"wp:term":[{"taxonomy":"category","embeddable":true,"href":"https:\/\/armstrongyregion.com.ar\/diario\/wp-json\/wp\/v2\/categories?post=16729"},{"taxonomy":"post_tag","embeddable":true,"href":"https:\/\/armstrongyregion.com.ar\/diario\/wp-json\/wp\/v2\/tags?post=16729"}],"curies":[{"name":"wp","href":"https:\/\/api.w.org\/{rel}","templated":true}]}}