{"id":16700,"date":"2018-04-01T02:04:12","date_gmt":"2018-04-01T02:04:12","guid":{"rendered":"https:\/\/armstrongyregion.com.ar\/diario\/?p=16700"},"modified":"2018-04-01T02:04:12","modified_gmt":"2018-04-01T02:04:12","slug":"el-viernes-santo-se-escenifico-el-via-crucis-en-la-plaza-san-martin","status":"publish","type":"post","link":"https:\/\/armstrongyregion.com.ar\/diario\/el-viernes-santo-se-escenifico-el-via-crucis-en-la-plaza-san-martin\/","title":{"rendered":"El viernes Santo se escenific\u00f3 el V\u00eda Crucis en la Plaza San Martin."},"content":{"rendered":"<p><a href=\"http:\/\/armstrongyregion.com.ar\/diario\/wp-content\/uploads\/2018\/04\/Via-Crucis-Viviente-.jpg\"><img loading=\"lazy\" decoding=\"async\" src=\"http:\/\/armstrongyregion.com.ar\/diario\/wp-content\/uploads\/2018\/04\/Via-Crucis-Viviente-.jpg\" alt=\"Via Crucis-Viviente-\" width=\"768\" height=\"576\" class=\"alignnone size-full wp-image-16701\" srcset=\"https:\/\/armstrongyregion.com.ar\/diario\/wp-content\/uploads\/2018\/04\/Via-Crucis-Viviente-.jpg 768w, https:\/\/armstrongyregion.com.ar\/diario\/wp-content\/uploads\/2018\/04\/Via-Crucis-Viviente--300x225.jpg 300w\" sizes=\"auto, (max-width: 768px) 100vw, 768px\" \/><\/a>\u2026Y Jes\u00fas carg\u00f3 la Cruz, y muri\u00f3 en ella para salvar nuestros pecados, para librarnos de ellos y rescatarnos para la vida divina\u2026<br \/>\n<a href=\"http:\/\/armstrongyregion.com.ar\/diario\/wp-content\/uploads\/2018\/04\/Ivan-Via-crucis-.jpg\"><img loading=\"lazy\" decoding=\"async\" src=\"http:\/\/armstrongyregion.com.ar\/diario\/wp-content\/uploads\/2018\/04\/Ivan-Via-crucis-.jpg\" alt=\"Ivan-Via-crucis--\" width=\"720\" height=\"960\" class=\"alignnone size-full wp-image-16702\" srcset=\"https:\/\/armstrongyregion.com.ar\/diario\/wp-content\/uploads\/2018\/04\/Ivan-Via-crucis-.jpg 720w, https:\/\/armstrongyregion.com.ar\/diario\/wp-content\/uploads\/2018\/04\/Ivan-Via-crucis--225x300.jpg 225w\" sizes=\"auto, (max-width: 720px) 100vw, 720px\" \/><\/a>La escenificaci\u00f3n del V\u00eda crucis se realiz\u00f3 el pasado Viernes Santo en la Plaza San Martin, frente a la iglesia Nuestra Sra. De la Merced, estuvo protagonizada principalmente por j\u00f3venes  y adultos. La imagen de Jesucristo la encarno Ivan Britos un joven armstronense de 23 a\u00f1os de edad.<br \/>\nLos feligreses presenciaron el momento m\u00e1s doliente para los cat\u00f3licos, pero tambi\u00e9n, el m\u00e1s lleno de amor, bondad, humildad, bajo el martirio de los golpes y vejaciones que Jes\u00fas sufri\u00f3 por nosotros.<br \/>\n<a href=\"http:\/\/armstrongyregion.com.ar\/diario\/wp-content\/uploads\/2018\/04\/Via-Crucis-viviente-.jpg\"><img loading=\"lazy\" decoding=\"async\" src=\"http:\/\/armstrongyregion.com.ar\/diario\/wp-content\/uploads\/2018\/04\/Via-Crucis-viviente-.jpg\" alt=\"Via-Crucis-viviente-\" width=\"960\" height=\"720\" class=\"alignnone size-full wp-image-16703\" srcset=\"https:\/\/armstrongyregion.com.ar\/diario\/wp-content\/uploads\/2018\/04\/Via-Crucis-viviente-.jpg 960w, https:\/\/armstrongyregion.com.ar\/diario\/wp-content\/uploads\/2018\/04\/Via-Crucis-viviente--300x225.jpg 300w\" sizes=\"auto, (max-width: 960px) 100vw, 960px\" \/><\/a>La representaci\u00f3n de la Pasi\u00f3n, Crucifixi\u00f3n y muerte de Jesucristo se desarroll\u00f3 en un circuito diagramado en los alrededores de la Plaza San Martin, donde los protagonistas encarnaron diversos papeles en esta ceremonia, como Jesucristo, Her\u00f3des, Poncio Pilato, soldados romanos, jud\u00edos y fariseos, entre otros, cuya representaci\u00f3n inici\u00f3 a las 20:30 con una excelente convocatoria.<br \/>\nIm\u00e1genes: Fernanda P\u00e9rez.<\/p>\n","protected":false},"excerpt":{"rendered":"<p>\u2026Y Jes\u00fas carg\u00f3 la Cruz, y muri\u00f3 en ella para salvar nuestros pecados, para librarnos de ellos y rescatarnos para la vida divina\u2026 La escenificaci\u00f3n del V\u00eda crucis se realiz\u00f3 el pasado Viernes Santo en la Plaza San Martin, frente a la iglesia Nuestra Sra. De la Merced, estuvo protagonizada principalmente por j\u00f3venes y adultos. <a href=\"https:\/\/armstrongyregion.com.ar\/diario\/el-viernes-santo-se-escenifico-el-via-crucis-en-la-plaza-san-martin\/\" title=\"Read more\" >&#8230;<\/a><\/p>\n","protected":false},"author":1,"featured_media":16701,"comment_status":"open","ping_status":"open","sticky":false,"template":"","format":"standard","meta":{"_jetpack_memberships_contains_paid_content":false,"footnotes":"","jetpack_publicize_message":"","jetpack_publicize_feature_enabled":true,"jetpack_social_post_already_shared":false,"jetpack_social_options":{"image_generator_settings":{"template":"highway","default_image_id":0,"enabled":false},"version":2}},"categories":[6,8,1,2],"tags":[6550],"class_list":["post-16700","post","type-post","status-publish","format-standard","has-post-thumbnail","hentry","category-cultura-entretenimiento","category-deliberando","category-diario-armstrong","category-locales","tag-el-viernes-santo-se-escenifico-el-via-crucis-en-la-plaza-san-martin"],"jetpack_publicize_connections":[],"jetpack_featured_media_url":"https:\/\/armstrongyregion.com.ar\/diario\/wp-content\/uploads\/2018\/04\/Via-Crucis-Viviente-.jpg","jetpack_shortlink":"https:\/\/wp.me\/p62QDO-4lm","jetpack_sharing_enabled":true,"amp_enabled":true,"_links":{"self":[{"href":"https:\/\/armstrongyregion.com.ar\/diario\/wp-json\/wp\/v2\/posts\/16700","targetHints":{"allow":["GET"]}}],"collection":[{"href":"https:\/\/armstrongyregion.com.ar\/diario\/wp-json\/wp\/v2\/posts"}],"about":[{"href":"https:\/\/armstrongyregion.com.ar\/diario\/wp-json\/wp\/v2\/types\/post"}],"author":[{"embeddable":true,"href":"https:\/\/armstrongyregion.com.ar\/diario\/wp-json\/wp\/v2\/users\/1"}],"replies":[{"embeddable":true,"href":"https:\/\/armstrongyregion.com.ar\/diario\/wp-json\/wp\/v2\/comments?post=16700"}],"version-history":[{"count":0,"href":"https:\/\/armstrongyregion.com.ar\/diario\/wp-json\/wp\/v2\/posts\/16700\/revisions"}],"wp:featuredmedia":[{"embeddable":true,"href":"https:\/\/armstrongyregion.com.ar\/diario\/wp-json\/wp\/v2\/media\/16701"}],"wp:attachment":[{"href":"https:\/\/armstrongyregion.com.ar\/diario\/wp-json\/wp\/v2\/media?parent=16700"}],"wp:term":[{"taxonomy":"category","embeddable":true,"href":"https:\/\/armstrongyregion.com.ar\/diario\/wp-json\/wp\/v2\/categories?post=16700"},{"taxonomy":"post_tag","embeddable":true,"href":"https:\/\/armstrongyregion.com.ar\/diario\/wp-json\/wp\/v2\/tags?post=16700"}],"curies":[{"name":"wp","href":"https:\/\/api.w.org\/{rel}","templated":true}]}}