{"id":16697,"date":"2018-04-01T01:30:05","date_gmt":"2018-04-01T01:30:05","guid":{"rendered":"https:\/\/armstrongyregion.com.ar\/diario\/?p=16697"},"modified":"2018-04-01T01:30:05","modified_gmt":"2018-04-01T01:30:05","slug":"invitacion-al-acto-del-2-de-abril-malvinas-36-anos","status":"publish","type":"post","link":"https:\/\/armstrongyregion.com.ar\/diario\/invitacion-al-acto-del-2-de-abril-malvinas-36-anos\/","title":{"rendered":"Invitaci\u00f3n al Acto del 2 de abril. Malvinas 36 a\u00f1os."},"content":{"rendered":"<p><a href=\"http:\/\/armstrongyregion.com.ar\/diario\/wp-content\/uploads\/2018\/04\/2-abril-2018.jpg\"><img loading=\"lazy\" decoding=\"async\" src=\"http:\/\/armstrongyregion.com.ar\/diario\/wp-content\/uploads\/2018\/04\/2-abril-2018.jpg\" alt=\"2 abril 2018\" width=\"768\" height=\"540\" class=\"alignnone size-full wp-image-16698\" srcset=\"https:\/\/armstrongyregion.com.ar\/diario\/wp-content\/uploads\/2018\/04\/2-abril-2018.jpg 768w, https:\/\/armstrongyregion.com.ar\/diario\/wp-content\/uploads\/2018\/04\/2-abril-2018-300x211.jpg 300w\" sizes=\"auto, (max-width: 768px) 100vw, 768px\" \/><\/a>La Municipalidad de Armstrong invita a toda la comunidad a participar del acto en conmemoraci\u00f3n al D\u00eda del Veterano y de los Ca\u00eddos en la Guerra de Malvinas que se realizar\u00e1 el lunes 2 de abril a las 18 hs. en Plaza Claudio Giaretti.<br \/>\nEs una fecha muy sensible para todo el pa\u00eds y m\u00e1s para nuestra ciudad ya que Claudio, hoy H\u00e9roe Nacional, y otros soldados, hoy veteranos, nacieron y\/o decidieron vivir aqu\u00ed junto a sus familias.<br \/>\nEn caso de lluvia el evento se trasladar\u00e1 al espacio permanente de Malvinas, dentro del Museo Hist\u00f3rico Municipal.<\/p>\n","protected":false},"excerpt":{"rendered":"<p>La Municipalidad de Armstrong invita a toda la comunidad a participar del acto en conmemoraci\u00f3n al D\u00eda del Veterano y de los Ca\u00eddos en la Guerra de Malvinas que se realizar\u00e1 el lunes 2 de abril a las 18 hs. en Plaza Claudio Giaretti. Es una fecha muy sensible para todo el pa\u00eds y m\u00e1s <a href=\"https:\/\/armstrongyregion.com.ar\/diario\/invitacion-al-acto-del-2-de-abril-malvinas-36-anos\/\" title=\"Read more\" >&#8230;<\/a><\/p>\n","protected":false},"author":1,"featured_media":16698,"comment_status":"open","ping_status":"open","sticky":false,"template":"","format":"standard","meta":{"_jetpack_memberships_contains_paid_content":false,"footnotes":"","jetpack_publicize_message":"","jetpack_publicize_feature_enabled":true,"jetpack_social_post_already_shared":false,"jetpack_social_options":{"image_generator_settings":{"template":"highway","default_image_id":0,"enabled":false},"version":2}},"categories":[6,8,1,2],"tags":[6549],"class_list":["post-16697","post","type-post","status-publish","format-standard","has-post-thumbnail","hentry","category-cultura-entretenimiento","category-deliberando","category-diario-armstrong","category-locales","tag-invitacion-al-acto-del-2-de-abril-malvinas-36-anos"],"jetpack_publicize_connections":[],"jetpack_featured_media_url":"https:\/\/armstrongyregion.com.ar\/diario\/wp-content\/uploads\/2018\/04\/2-abril-2018.jpg","jetpack_shortlink":"https:\/\/wp.me\/p62QDO-4lj","jetpack_sharing_enabled":true,"amp_enabled":true,"_links":{"self":[{"href":"https:\/\/armstrongyregion.com.ar\/diario\/wp-json\/wp\/v2\/posts\/16697","targetHints":{"allow":["GET"]}}],"collection":[{"href":"https:\/\/armstrongyregion.com.ar\/diario\/wp-json\/wp\/v2\/posts"}],"about":[{"href":"https:\/\/armstrongyregion.com.ar\/diario\/wp-json\/wp\/v2\/types\/post"}],"author":[{"embeddable":true,"href":"https:\/\/armstrongyregion.com.ar\/diario\/wp-json\/wp\/v2\/users\/1"}],"replies":[{"embeddable":true,"href":"https:\/\/armstrongyregion.com.ar\/diario\/wp-json\/wp\/v2\/comments?post=16697"}],"version-history":[{"count":0,"href":"https:\/\/armstrongyregion.com.ar\/diario\/wp-json\/wp\/v2\/posts\/16697\/revisions"}],"wp:featuredmedia":[{"embeddable":true,"href":"https:\/\/armstrongyregion.com.ar\/diario\/wp-json\/wp\/v2\/media\/16698"}],"wp:attachment":[{"href":"https:\/\/armstrongyregion.com.ar\/diario\/wp-json\/wp\/v2\/media?parent=16697"}],"wp:term":[{"taxonomy":"category","embeddable":true,"href":"https:\/\/armstrongyregion.com.ar\/diario\/wp-json\/wp\/v2\/categories?post=16697"},{"taxonomy":"post_tag","embeddable":true,"href":"https:\/\/armstrongyregion.com.ar\/diario\/wp-json\/wp\/v2\/tags?post=16697"}],"curies":[{"name":"wp","href":"https:\/\/api.w.org\/{rel}","templated":true}]}}