{"id":16661,"date":"2018-03-28T22:51:47","date_gmt":"2018-03-28T22:51:47","guid":{"rendered":"https:\/\/armstrongyregion.com.ar\/diario\/?p=16661"},"modified":"2018-03-28T22:51:47","modified_gmt":"2018-03-28T22:51:47","slug":"exitoso-operativo-del-renaper-en-armstrong","status":"publish","type":"post","link":"https:\/\/armstrongyregion.com.ar\/diario\/exitoso-operativo-del-renaper-en-armstrong\/","title":{"rendered":"Exitoso Operativo del RENAPER en Armstrong."},"content":{"rendered":"<p><a href=\"http:\/\/armstrongyregion.com.ar\/diario\/wp-content\/uploads\/2018\/03\/DNI_gramigna-Meyer.jpg\"><img loading=\"lazy\" decoding=\"async\" src=\"http:\/\/armstrongyregion.com.ar\/diario\/wp-content\/uploads\/2018\/03\/DNI_gramigna-Meyer.jpg\" alt=\"DNI_gramigna-Meyer\" width=\"768\" height=\"432\" class=\"alignnone size-full wp-image-16662\" srcset=\"https:\/\/armstrongyregion.com.ar\/diario\/wp-content\/uploads\/2018\/03\/DNI_gramigna-Meyer.jpg 768w, https:\/\/armstrongyregion.com.ar\/diario\/wp-content\/uploads\/2018\/03\/DNI_gramigna-Meyer-300x169.jpg 300w\" sizes=\"auto, (max-width: 768px) 100vw, 768px\" \/><\/a>El pasado martes en la ciudad se realizaron m\u00e1s de 25 tr\u00e1mites de DNI a cargo del Registro Nacional de las Personas.<\/p>\n<p>La Gesti\u00f3n realizada en conjunto por el Concejal Gramigna y Urqu\u00eda y el Intendente de Las Rosas Javier Meyer tuvo un exitoso resultado, que se vio plasmado en gran cantidad de gente que acudi\u00f3 al local de Crucianelli y Peru perteneciente a Renovaci\u00f3n por Armstrong.<\/p>\n<p>Consultado al Concejal Gramigna manifest\u00f3 \u201cEn primer lugar agradecemos al Intendente de Las Rosas Javier Meyer por la gesti\u00f3n y facilitarnos la llegada del RENAPER a Armstrong, estamos muy conformes con la cantidad de tr\u00e1mites que se hicieron, formando parte de una serie de gestiones ante organismos nacionales para traerlos a la ciudad para solucionarle los problemas a la gente\u201d<\/p>\n<p>Para concluir El Concejal Urqu\u00eda expres\u00f3 \u201cNo va a ser la \u00faltima vez que vengan a la ciudad, por eso muchos de los ciudadanos que por diferentes razones no pudieron realizar su tr\u00e1mite vamos a estar informando cuando volver\u00e1n. La idea siempre desde nuestra agrupaci\u00f3n es poder solucionar inconvenientes cotidianos a la gente y uno de esos temas era el DNI\u201d <\/p>\n","protected":false},"excerpt":{"rendered":"<p>El pasado martes en la ciudad se realizaron m\u00e1s de 25 tr\u00e1mites de DNI a cargo del Registro Nacional de las Personas. La Gesti\u00f3n realizada en conjunto por el Concejal Gramigna y Urqu\u00eda y el Intendente de Las Rosas Javier Meyer tuvo un exitoso resultado, que se vio plasmado en gran cantidad de gente que <a href=\"https:\/\/armstrongyregion.com.ar\/diario\/exitoso-operativo-del-renaper-en-armstrong\/\" title=\"Read more\" >&#8230;<\/a><\/p>\n","protected":false},"author":1,"featured_media":16662,"comment_status":"open","ping_status":"open","sticky":false,"template":"","format":"standard","meta":{"_jetpack_memberships_contains_paid_content":false,"footnotes":"","jetpack_publicize_message":"","jetpack_publicize_feature_enabled":true,"jetpack_social_post_already_shared":false,"jetpack_social_options":{"image_generator_settings":{"template":"highway","default_image_id":0,"enabled":false},"version":2}},"categories":[8,1,2,7],"tags":[6542],"class_list":["post-16661","post","type-post","status-publish","format-standard","has-post-thumbnail","hentry","category-deliberando","category-diario-armstrong","category-locales","category-politica","tag-exitoso-operativo-del-renaper-en-armstrong"],"jetpack_publicize_connections":[],"jetpack_featured_media_url":"https:\/\/armstrongyregion.com.ar\/diario\/wp-content\/uploads\/2018\/03\/DNI_gramigna-Meyer.jpg","jetpack_shortlink":"https:\/\/wp.me\/p62QDO-4kJ","jetpack_sharing_enabled":true,"amp_enabled":true,"_links":{"self":[{"href":"https:\/\/armstrongyregion.com.ar\/diario\/wp-json\/wp\/v2\/posts\/16661","targetHints":{"allow":["GET"]}}],"collection":[{"href":"https:\/\/armstrongyregion.com.ar\/diario\/wp-json\/wp\/v2\/posts"}],"about":[{"href":"https:\/\/armstrongyregion.com.ar\/diario\/wp-json\/wp\/v2\/types\/post"}],"author":[{"embeddable":true,"href":"https:\/\/armstrongyregion.com.ar\/diario\/wp-json\/wp\/v2\/users\/1"}],"replies":[{"embeddable":true,"href":"https:\/\/armstrongyregion.com.ar\/diario\/wp-json\/wp\/v2\/comments?post=16661"}],"version-history":[{"count":0,"href":"https:\/\/armstrongyregion.com.ar\/diario\/wp-json\/wp\/v2\/posts\/16661\/revisions"}],"wp:featuredmedia":[{"embeddable":true,"href":"https:\/\/armstrongyregion.com.ar\/diario\/wp-json\/wp\/v2\/media\/16662"}],"wp:attachment":[{"href":"https:\/\/armstrongyregion.com.ar\/diario\/wp-json\/wp\/v2\/media?parent=16661"}],"wp:term":[{"taxonomy":"category","embeddable":true,"href":"https:\/\/armstrongyregion.com.ar\/diario\/wp-json\/wp\/v2\/categories?post=16661"},{"taxonomy":"post_tag","embeddable":true,"href":"https:\/\/armstrongyregion.com.ar\/diario\/wp-json\/wp\/v2\/tags?post=16661"}],"curies":[{"name":"wp","href":"https:\/\/api.w.org\/{rel}","templated":true}]}}