{"id":16626,"date":"2018-03-26T01:26:30","date_gmt":"2018-03-26T01:26:30","guid":{"rendered":"https:\/\/armstrongyregion.com.ar\/diario\/?p=16626"},"modified":"2018-03-26T01:26:30","modified_gmt":"2018-03-26T01:26:30","slug":"otro-guino-del-pj-al-proyecto-de-reforma-de-la-constitucion","status":"publish","type":"post","link":"https:\/\/armstrongyregion.com.ar\/diario\/otro-guino-del-pj-al-proyecto-de-reforma-de-la-constitucion\/","title":{"rendered":"Otro gui\u00f1o del PJ al proyecto de reforma de la Constituci\u00f3n."},"content":{"rendered":"<p><a href=\"http:\/\/armstrongyregion.com.ar\/diario\/wp-content\/uploads\/2018\/03\/lifschitz-.jpg\"><img loading=\"lazy\" decoding=\"async\" src=\"http:\/\/armstrongyregion.com.ar\/diario\/wp-content\/uploads\/2018\/03\/lifschitz-.jpg\" alt=\"lifschitz-\" width=\"768\" height=\"512\" class=\"alignnone size-full wp-image-16627\" srcset=\"https:\/\/armstrongyregion.com.ar\/diario\/wp-content\/uploads\/2018\/03\/lifschitz-.jpg 768w, https:\/\/armstrongyregion.com.ar\/diario\/wp-content\/uploads\/2018\/03\/lifschitz--300x200.jpg 300w\" sizes=\"auto, (max-width: 768px) 100vw, 768px\" \/><\/a>El Foro de Intendentes Justicialistas se mostr\u00f3 a favor de modificar la Carta Magna provincial, incluida la eventual reelecci\u00f3n del gobernador.<br \/>\nLa cita fue en la casona de los gobernadores ubicada detr\u00e1s de la Casa Gris, donde se degustaron achuras y costillares. En ese distendido convite gastron\u00f3mico, el gobernador Miguel Lifschitz obtuvo un gui\u00f1o de buena parte del Foro de Intendentes Justicialistas a su proyectada reforma constitucional.<\/p>\n<p>\u00abFuimos invitados por el gobernador a una cena en la ciudad de Santa Fe con el ministro de Gobierno (Pablo Far\u00edas). Y adem\u00e1s de todas las charlas respecto al funcionamiento de los municipios, el cr\u00e9dito para obras de pavimentaci\u00f3n en nuestras ciudades, la forma de distribuci\u00f3n del Fondo de Obras Menores, el gobernador nos plante\u00f3 qu\u00e9 pens\u00e1bamos los intendentes espec\u00edficamente sobre el tema de la reforma constitucional y yo dir\u00eda que la mayor\u00eda, por no decir casi la totalidad, coincidimos en la necesidad de encarar un proceso de reforma en la provincia\u00bb, coment\u00f3 en di\u00e1logo con LaCapital el jefe municipal de G\u00e1lvez, Mario Fissore.<\/p>\n<p>Adem\u00e1s del intendente galvense estuvieron en la cita con el mandatario provincial los de Reconquista, Calchaqu\u00ed, Esperanza, P\u00e9rez, Villa Constituci\u00f3n, Fray Luis Beltr\u00e1n , Capit\u00e1n Berm\u00fadez, Villa Gobernador G\u00e1lvez, Arroyo Seco, Ca\u00f1ada de G\u00f3mez, Granadero Baigorria, Venado Tuerto, Coronda y Malabrigo.<\/p>\n<p>Los intendentes le solicitaron a Lifschitz que les haga llegar el borrador del anteproyecto de reforma que ser\u00eda enviado por el mandatario \u00abpara la inauguraci\u00f3n del per\u00edodo de ordinario de sesiones de la Legislatura el pr\u00f3ximo 1\u00ba de mayo o muy cerca de esa fecha\u00bb, seg\u00fan coment\u00f3 uno de los participantes volvi\u00f3 a ratificar el gobernador durante la conversaci\u00f3n con los intendentes.<\/p>\n<p>Adem\u00e1s, los jefes municipales del PJ comentaron que el gobernador les dej\u00f3 en claro que si la discusi\u00f3n de su propia reelecci\u00f3n es un impedimento para habilitar la reforma, \u00e9l no dudar\u00e1 en excluirse. \u00abLo dijo dos veces durante la cena. Sobre este punto hay distintas opiniones, pero si me consultan mi posici\u00f3n personal es que habr\u00eda que darle la posibilidad (de reelecci\u00f3n a Lifschitz), porque en los procesos democr\u00e1ticos no hay por qu\u00e9 excluir a nadie y ac\u00e1 lo prioritario es la reforma\u00bb, le dijo Fissore a LaCapital.<\/p>\n<p>En su incesante exploraci\u00f3n de los senderos pol\u00edticos que permitan habilitar una enmienda de la carta santafesina, el mandatario sum\u00f3 ahora a los intendentes del principal partido de la oposici\u00f3n, luego de su reciente encuentro con legisladores peronistas, a la que sigui\u00f3 un p\u00fablico pronunciamiento a favor de una eventual enmienda del presidente del bloque senadores justicialistas Armando Traferri, con cl\u00e1usula de reelecci\u00f3n del actual gobernador incluida en la discusi\u00f3n.<\/p>\n<p>Fissore tambi\u00e9n destac\u00f3 que \u00abel Foro (de intendentes del PJ) nos hemos reunido diez veces con el gobernador, de manera que el trato es continuo y muy fluido, por eso nos pareci\u00f3 natural brindarle una opini\u00f3n sobre la reforma constitucional en la que adem\u00e1s coincidimos la mayor\u00eda de mis colegas\u00bb.<\/p>\n<p>\u00abY en ese sentido \u2014coment\u00f3 el intendente de G\u00e1lvez\u2014 creemos que es factible y necesaria y cada partido pol\u00edtico deber\u00eda aportar los temas puntuales a reformar, m\u00e1s all\u00e1 de que en algunos hay coincidencias como la extensi\u00f3n de 2 a 4 a\u00f1os de los mandatos de los presidentes comunales, y la limitaci\u00f3n a una sola reelecci\u00f3n tanto para el cargo de gobernador, como de legisladores, intendentes y concejales\u00bb.<\/p>\n<p>Si algo ya logr\u00f3 el jefe de la Casa Gris es haber instalado definitivamente en la agenda pol\u00edtica de 2018, previo al recambio de autoridades que se producir\u00e1 el a\u00f1o pr\u00f3ximo en todos los niveles gubernamentales de la provincia, la proclamada reforma constitucional que se espera el Ejecutivo env\u00ede a debate parlamentario en las pr\u00f3ximas semanas, en simult\u00e1neo con el comienzo de un nuevo per\u00edodo ordinario de sesiones en el edificio situado sobe la avenida General L\u00f3pez.<\/p>\n<p>Prueba de ello son las declaraciones formuladas la semana que pas\u00f3 por el presidente del Partido Justicialista en la provincia, Ricardo Olivera, admitiendo que la cuesti\u00f3n de una posible habilitaci\u00f3n a una Constituyente ser\u00e1 sometida a decisi\u00f3n del Congreso partidario. As\u00ed lo expres\u00f3 el ex senador por San Justo en una nota concedida a la emisora capitalina LT 9. \u00abA\u00fan no conocemos el proyecto, por lo que todav\u00eda no tenemos opini\u00f3n\u00bb, pero \u00abuna vez que la iniciativa sea remitida al Poder Legislativo llamar\u00e9 a una reuni\u00f3n (del Congreso partidario) para adoptar una posici\u00f3n\u00bb, anticip\u00f3 Olivera.<\/p>\n<p>Como inform\u00f3 este diario, el gobernador Lifschitz, quien en los \u00faltimos d\u00edas mantuvo m\u00e1s reuniones con referentes de distinta extracci\u00f3n pol\u00edtica de las que trascienden p\u00fablicamente, recibi\u00f3 el jueves de la semana anterior en la Casa Gris \u2014tambi\u00e9n junto a su ministro pol\u00edtico\u2014 a legisladores del oficialismo y la oposici\u00f3n. Entre ellos cuatro integrantes del decisivo bloque de senadores del Partido Justicialista, una de las claves que en t\u00e9rminos de qu\u00f3rum podr\u00edan destrabar los dos tercios necesarios en la C\u00e1mara alta para obtener, llegado el caso, la venia legislativa de una eventual declaraci\u00f3n de la necesidad de la reforma constitucional santafesina.<\/p>\n<p>Entusiasmo en el Partido Socialista<\/p>\n<p>El Partido Socialista conf\u00eda en que habr\u00e1 consenso para avanzar en la reforma constitucional. \u00abMiguel (Lifschitz) defini\u00f3 ir por la reforma constitucional. Fue el principal entusiasta y plante\u00f3 la reforma en 2016, lo debati\u00f3 con todo el \u00e1mbito pol\u00edtico, el acad\u00e9mico y las organizaciones sociales, y hay un consenso en Santa Fe sobre la necesidad de la reforma\u00bb, se\u00f1al\u00f3 el diputado provincial del PS Joaqu\u00edn Blanco. De acuerdo a los c\u00e1lculos del gobierno provincial, el proceso de reforma podr\u00eda finalizar entre finales de noviembre y principios de diciembre pr\u00f3ximo.<br \/>\nFuente: La Capital.<\/p>\n","protected":false},"excerpt":{"rendered":"<p>El Foro de Intendentes Justicialistas se mostr\u00f3 a favor de modificar la Carta Magna provincial, incluida la eventual reelecci\u00f3n del gobernador. La cita fue en la casona de los gobernadores ubicada detr\u00e1s de la Casa Gris, donde se degustaron achuras y costillares. En ese distendido convite gastron\u00f3mico, el gobernador Miguel Lifschitz obtuvo un gui\u00f1o de <a href=\"https:\/\/armstrongyregion.com.ar\/diario\/otro-guino-del-pj-al-proyecto-de-reforma-de-la-constitucion\/\" title=\"Read more\" >&#8230;<\/a><\/p>\n","protected":false},"author":1,"featured_media":16627,"comment_status":"open","ping_status":"open","sticky":false,"template":"","format":"standard","meta":{"_jetpack_memberships_contains_paid_content":false,"footnotes":"","jetpack_publicize_message":"","jetpack_publicize_feature_enabled":true,"jetpack_social_post_already_shared":false,"jetpack_social_options":{"image_generator_settings":{"template":"highway","default_image_id":0,"enabled":false},"version":2}},"categories":[8,1,7,3],"tags":[6531],"class_list":["post-16626","post","type-post","status-publish","format-standard","has-post-thumbnail","hentry","category-deliberando","category-diario-armstrong","category-politica","category-region","tag-otro-guino-del-pj-al-proyecto-de-reforma-de-la-constitucion"],"jetpack_publicize_connections":[],"jetpack_featured_media_url":"https:\/\/armstrongyregion.com.ar\/diario\/wp-content\/uploads\/2018\/03\/lifschitz-.jpg","jetpack_shortlink":"https:\/\/wp.me\/p62QDO-4ka","jetpack_sharing_enabled":true,"amp_enabled":true,"_links":{"self":[{"href":"https:\/\/armstrongyregion.com.ar\/diario\/wp-json\/wp\/v2\/posts\/16626","targetHints":{"allow":["GET"]}}],"collection":[{"href":"https:\/\/armstrongyregion.com.ar\/diario\/wp-json\/wp\/v2\/posts"}],"about":[{"href":"https:\/\/armstrongyregion.com.ar\/diario\/wp-json\/wp\/v2\/types\/post"}],"author":[{"embeddable":true,"href":"https:\/\/armstrongyregion.com.ar\/diario\/wp-json\/wp\/v2\/users\/1"}],"replies":[{"embeddable":true,"href":"https:\/\/armstrongyregion.com.ar\/diario\/wp-json\/wp\/v2\/comments?post=16626"}],"version-history":[{"count":0,"href":"https:\/\/armstrongyregion.com.ar\/diario\/wp-json\/wp\/v2\/posts\/16626\/revisions"}],"wp:featuredmedia":[{"embeddable":true,"href":"https:\/\/armstrongyregion.com.ar\/diario\/wp-json\/wp\/v2\/media\/16627"}],"wp:attachment":[{"href":"https:\/\/armstrongyregion.com.ar\/diario\/wp-json\/wp\/v2\/media?parent=16626"}],"wp:term":[{"taxonomy":"category","embeddable":true,"href":"https:\/\/armstrongyregion.com.ar\/diario\/wp-json\/wp\/v2\/categories?post=16626"},{"taxonomy":"post_tag","embeddable":true,"href":"https:\/\/armstrongyregion.com.ar\/diario\/wp-json\/wp\/v2\/tags?post=16626"}],"curies":[{"name":"wp","href":"https:\/\/api.w.org\/{rel}","templated":true}]}}