{"id":16608,"date":"2018-03-24T14:17:37","date_gmt":"2018-03-24T14:17:37","guid":{"rendered":"https:\/\/armstrongyregion.com.ar\/diario\/?p=16608"},"modified":"2018-03-24T14:17:37","modified_gmt":"2018-03-24T14:17:37","slug":"amsafe-rechazo-por-amplia-mayoria-la-propuesta-salarial-del-gobierno","status":"publish","type":"post","link":"https:\/\/armstrongyregion.com.ar\/diario\/amsafe-rechazo-por-amplia-mayoria-la-propuesta-salarial-del-gobierno\/","title":{"rendered":"AMSAFe rechaz\u00f3 por amplia mayor\u00eda la propuesta salarial del gobierno."},"content":{"rendered":"<p><a href=\"http:\/\/armstrongyregion.com.ar\/diario\/wp-content\/uploads\/2018\/03\/AMSAFE1.jpg\"><img loading=\"lazy\" decoding=\"async\" src=\"http:\/\/armstrongyregion.com.ar\/diario\/wp-content\/uploads\/2018\/03\/AMSAFE1.jpg\" alt=\"AMSAFE\" width=\"768\" height=\"433\" class=\"alignnone size-full wp-image-16609\" srcset=\"https:\/\/armstrongyregion.com.ar\/diario\/wp-content\/uploads\/2018\/03\/AMSAFE1.jpg 768w, https:\/\/armstrongyregion.com.ar\/diario\/wp-content\/uploads\/2018\/03\/AMSAFE1-300x169.jpg 300w\" sizes=\"auto, (max-width: 768px) 100vw, 768px\" \/><\/a>M\u00e1s de 34.000 docentes votaron en toda la provincia y el 94% de ellos reprob\u00f3 el aumento del 18% en dos tramos. SADOP (docentes privados) tambi\u00e9n rechazaron la propuesta del gobierno provincial.<br \/>\nEste viernes, los docentes nucleados en el gremio Amsaf\u00e9 terminaron de votar la propuesta de aumento salarial extendida por el gobierno de Santa Fe, y la gran mayor\u00eda se inclin\u00f3 por rechazar el ofrecimiento del 18 por ciento de suba en el salario, en dos tramos de un 9 por ciento en marzo y el otro 9 por ciento en agosto. Los maestros tienen programada una medida de fuerza para los d\u00edas 4 y 5 de abril, pero la semana que viene esperan ser convocados nuevamente para seguir con la paritaria.<\/p>\n<p>Votaron m\u00e1s de 34 mil docentes en todas las asambleas departamentales y, seg\u00fan confirmaron fuentes oficiales, el 94 por ciento de ellos se inclinaron por reprobar el aumento extendido por el gobierno de Santa Fe.<\/p>\n<p>La moci\u00f3n m\u00e1s votada es rechazar la propuesta, hacer una jornada de protesta el pr\u00f3ximo 27 (actos, movilizaciones) y un paro los d\u00edas mi\u00e9rcoles 4 y jueves 5 de abril.<\/p>\n<p>Sonia Alesso cont\u00f3 que \u201cfundamentalmente lo que se puso en discuisi\u00f3n en todas las asambleas departamentales es que la propuesta en cuanto al salario es insuficiente, que no refleja el aumento de la canasta familiar y de las tarifas\u201d.<\/p>\n<p>Y agreg\u00f3 que \u201cel 9 por ciento que ofreci\u00f3 el gobierno para la primera etapa es insuficiente\u201d.<\/p>\n<p>Alesso tambi\u00e9n le dio mucha importancia a otro fuerte planteo que realizaron los maestros: \u201cEl otro reclamo es por el concurso de escuelas secundarias; ya estaba todo listo pero el gobierno plante\u00f3 que se lleve a cabo el a\u00f1o que viene\u201d.<\/p>\n<p>Sobre este tema, ejemplific\u00f3 que \u201cun profesor que trabaja lejos del lugar donde vive, tiene un gran gasto de transporte, que cada vez est\u00e1 m\u00e1s caro\u201d. E insisti\u00f3 que \u201cese es un reclamo que ha sido muy fuerte en todas las asambleas\u201d.<\/p>\n<p>Respecto de la posici\u00f3n del gobierno provincial, que se ampara en la conciliaci\u00f3n obligatoria, Alesso asegur\u00f3 que \u201cen el sector docente la conciliaci\u00f3n obligatoria no existe por ley, est\u00e1 mal informado\u201d.<\/p>\n<p>Tambi\u00e9n rechaz\u00f3 con fuerza el posible descuento de horas no trabajadas: \u201cY en cuanto al descuento de los d\u00edas no trabajados, creo que estas medidas represivas lo que van a hacer es aumentar el descontento. En las provincias que han descontado sueldos, las marchas fueron masivas\u201d.<\/p>\n<p>\u201cLo que hay que hacer es sentarnos otra vez y seguir discutiendo\u201d, recomend\u00f3. Habr\u00e1 que ver cu\u00e1l es el margen de negociaci\u00f3n que tiene el gobierno, ya que la ministra de Educaci\u00f3n Claudia Balagu\u00e9 hab\u00eda manifestado que ese 18% era lo m\u00e1ximo que pod\u00edan ofrecer a los maestros. Alesso finaliz\u00f3: \u201cHay un intento de confrontar a los docentes con la sociedad\u201d.<br \/>\nFuente: Rosario 3<\/p>\n","protected":false},"excerpt":{"rendered":"<p>M\u00e1s de 34.000 docentes votaron en toda la provincia y el 94% de ellos reprob\u00f3 el aumento del 18% en dos tramos. SADOP (docentes privados) tambi\u00e9n rechazaron la propuesta del gobierno provincial. Este viernes, los docentes nucleados en el gremio Amsaf\u00e9 terminaron de votar la propuesta de aumento salarial extendida por el gobierno de Santa <a href=\"https:\/\/armstrongyregion.com.ar\/diario\/amsafe-rechazo-por-amplia-mayoria-la-propuesta-salarial-del-gobierno\/\" title=\"Read more\" >&#8230;<\/a><\/p>\n","protected":false},"author":1,"featured_media":16609,"comment_status":"open","ping_status":"open","sticky":false,"template":"","format":"standard","meta":{"_jetpack_memberships_contains_paid_content":false,"footnotes":"","jetpack_publicize_message":"","jetpack_publicize_feature_enabled":true,"jetpack_social_post_already_shared":false,"jetpack_social_options":{"image_generator_settings":{"template":"highway","default_image_id":0,"enabled":false},"version":2}},"categories":[6,8,1,2,7,3],"tags":[6525],"class_list":["post-16608","post","type-post","status-publish","format-standard","has-post-thumbnail","hentry","category-cultura-entretenimiento","category-deliberando","category-diario-armstrong","category-locales","category-politica","category-region","tag-amsafe-rechazo-por-amplia-mayoria-la-propuesta-salarial-del-gobierno"],"jetpack_publicize_connections":[],"jetpack_featured_media_url":"https:\/\/armstrongyregion.com.ar\/diario\/wp-content\/uploads\/2018\/03\/AMSAFE1.jpg","jetpack_shortlink":"https:\/\/wp.me\/p62QDO-4jS","jetpack_sharing_enabled":true,"amp_enabled":true,"_links":{"self":[{"href":"https:\/\/armstrongyregion.com.ar\/diario\/wp-json\/wp\/v2\/posts\/16608","targetHints":{"allow":["GET"]}}],"collection":[{"href":"https:\/\/armstrongyregion.com.ar\/diario\/wp-json\/wp\/v2\/posts"}],"about":[{"href":"https:\/\/armstrongyregion.com.ar\/diario\/wp-json\/wp\/v2\/types\/post"}],"author":[{"embeddable":true,"href":"https:\/\/armstrongyregion.com.ar\/diario\/wp-json\/wp\/v2\/users\/1"}],"replies":[{"embeddable":true,"href":"https:\/\/armstrongyregion.com.ar\/diario\/wp-json\/wp\/v2\/comments?post=16608"}],"version-history":[{"count":0,"href":"https:\/\/armstrongyregion.com.ar\/diario\/wp-json\/wp\/v2\/posts\/16608\/revisions"}],"wp:featuredmedia":[{"embeddable":true,"href":"https:\/\/armstrongyregion.com.ar\/diario\/wp-json\/wp\/v2\/media\/16609"}],"wp:attachment":[{"href":"https:\/\/armstrongyregion.com.ar\/diario\/wp-json\/wp\/v2\/media?parent=16608"}],"wp:term":[{"taxonomy":"category","embeddable":true,"href":"https:\/\/armstrongyregion.com.ar\/diario\/wp-json\/wp\/v2\/categories?post=16608"},{"taxonomy":"post_tag","embeddable":true,"href":"https:\/\/armstrongyregion.com.ar\/diario\/wp-json\/wp\/v2\/tags?post=16608"}],"curies":[{"name":"wp","href":"https:\/\/api.w.org\/{rel}","templated":true}]}}