{"id":16602,"date":"2018-03-23T20:05:05","date_gmt":"2018-03-23T20:05:05","guid":{"rendered":"https:\/\/armstrongyregion.com.ar\/diario\/?p=16602"},"modified":"2018-03-23T20:05:05","modified_gmt":"2018-03-23T20:05:05","slug":"esta-abierta-la-inscripcion-para-acceder-a-las-becas-de-la-reforma","status":"publish","type":"post","link":"https:\/\/armstrongyregion.com.ar\/diario\/esta-abierta-la-inscripcion-para-acceder-a-las-becas-de-la-reforma\/","title":{"rendered":"Est\u00e1 abierta la inscripci\u00f3n para acceder a las Becas de la Reforma."},"content":{"rendered":"<p><a href=\"http:\/\/armstrongyregion.com.ar\/diario\/wp-content\/uploads\/2018\/03\/Becas-Santa-Fe-.jpg\"><img loading=\"lazy\" decoding=\"async\" src=\"http:\/\/armstrongyregion.com.ar\/diario\/wp-content\/uploads\/2018\/03\/Becas-Santa-Fe-.jpg\" alt=\"Becas-Santa-Fe-\" width=\"768\" height=\"600\" class=\"alignnone size-full wp-image-16603\" srcset=\"https:\/\/armstrongyregion.com.ar\/diario\/wp-content\/uploads\/2018\/03\/Becas-Santa-Fe-.jpg 768w, https:\/\/armstrongyregion.com.ar\/diario\/wp-content\/uploads\/2018\/03\/Becas-Santa-Fe--300x234.jpg 300w\" sizes=\"auto, (max-width: 768px) 100vw, 768px\" \/><\/a>Es posible inscribirse entrando al link: https:\/\/www.santafe.gob.ar\/tramites\/becas\/<br \/>\nEl Senador Guillermo Cornaglia informa a todo el Departamento Belgrano que ya est\u00e1 abierta la inscripci\u00f3n para acceder a las #BecasdelaReforma, un est\u00edmulo econ\u00f3mico que brinda el Gobierno de Santa Fe con el fin de promover el acceso y permanencia de las y los j\u00f3venes en las instituciones educativas de nivel terciario y universitario. Pod\u00e9s inscribirte entrando al siguiente link: https:\/\/www.santafe.gob.ar\/tramites\/becas\/<\/p>\n<p>Son requisitos para ser beneficiario\/a:<br \/>\n&#8211; Tener domicilio en la Provincia de Santa Fe.<br \/>\n&#8211; Asistir a un establecimiento educativo p\u00fablico de la Provincia de Santa Fe.<br \/>\n&#8211; Que la instituci\u00f3n educativa a la que asista se encuentre dentro de la Provincia de Santa Fe y a m\u00e1s de 40 kil\u00f3metros de distancia de la localidad de procedencia.<br \/>\n&#8211; Estar dentro de los primeros tres a\u00f1os de la carrera desde el ingreso a la misma.<br \/>\n&#8211; Tener hasta veintinueve (29) a\u00f1os de edad.<\/p>\n","protected":false},"excerpt":{"rendered":"<p>Es posible inscribirse entrando al link: https:\/\/www.santafe.gob.ar\/tramites\/becas\/ El Senador Guillermo Cornaglia informa a todo el Departamento Belgrano que ya est\u00e1 abierta la inscripci\u00f3n para acceder a las #BecasdelaReforma, un est\u00edmulo econ\u00f3mico que brinda el Gobierno de Santa Fe con el fin de promover el acceso y permanencia de las y los j\u00f3venes en las instituciones <a href=\"https:\/\/armstrongyregion.com.ar\/diario\/esta-abierta-la-inscripcion-para-acceder-a-las-becas-de-la-reforma\/\" title=\"Read more\" >&#8230;<\/a><\/p>\n","protected":false},"author":1,"featured_media":16603,"comment_status":"open","ping_status":"open","sticky":false,"template":"","format":"standard","meta":{"_jetpack_memberships_contains_paid_content":false,"footnotes":"","jetpack_publicize_message":"","jetpack_publicize_feature_enabled":true,"jetpack_social_post_already_shared":false,"jetpack_social_options":{"image_generator_settings":{"template":"highway","default_image_id":0,"enabled":false},"version":2}},"categories":[6,1,2,3],"tags":[6523],"class_list":["post-16602","post","type-post","status-publish","format-standard","has-post-thumbnail","hentry","category-cultura-entretenimiento","category-diario-armstrong","category-locales","category-region","tag-esta-abierta-la-inscripcion-para-acceder-a-las-becas-de-la-reforma"],"jetpack_publicize_connections":[],"jetpack_featured_media_url":"https:\/\/armstrongyregion.com.ar\/diario\/wp-content\/uploads\/2018\/03\/Becas-Santa-Fe-.jpg","jetpack_shortlink":"https:\/\/wp.me\/p62QDO-4jM","jetpack_sharing_enabled":true,"amp_enabled":true,"_links":{"self":[{"href":"https:\/\/armstrongyregion.com.ar\/diario\/wp-json\/wp\/v2\/posts\/16602","targetHints":{"allow":["GET"]}}],"collection":[{"href":"https:\/\/armstrongyregion.com.ar\/diario\/wp-json\/wp\/v2\/posts"}],"about":[{"href":"https:\/\/armstrongyregion.com.ar\/diario\/wp-json\/wp\/v2\/types\/post"}],"author":[{"embeddable":true,"href":"https:\/\/armstrongyregion.com.ar\/diario\/wp-json\/wp\/v2\/users\/1"}],"replies":[{"embeddable":true,"href":"https:\/\/armstrongyregion.com.ar\/diario\/wp-json\/wp\/v2\/comments?post=16602"}],"version-history":[{"count":0,"href":"https:\/\/armstrongyregion.com.ar\/diario\/wp-json\/wp\/v2\/posts\/16602\/revisions"}],"wp:featuredmedia":[{"embeddable":true,"href":"https:\/\/armstrongyregion.com.ar\/diario\/wp-json\/wp\/v2\/media\/16603"}],"wp:attachment":[{"href":"https:\/\/armstrongyregion.com.ar\/diario\/wp-json\/wp\/v2\/media?parent=16602"}],"wp:term":[{"taxonomy":"category","embeddable":true,"href":"https:\/\/armstrongyregion.com.ar\/diario\/wp-json\/wp\/v2\/categories?post=16602"},{"taxonomy":"post_tag","embeddable":true,"href":"https:\/\/armstrongyregion.com.ar\/diario\/wp-json\/wp\/v2\/tags?post=16602"}],"curies":[{"name":"wp","href":"https:\/\/api.w.org\/{rel}","templated":true}]}}