{"id":16591,"date":"2018-03-22T16:24:30","date_gmt":"2018-03-22T16:24:30","guid":{"rendered":"https:\/\/armstrongyregion.com.ar\/diario\/?p=16591"},"modified":"2018-03-22T16:24:30","modified_gmt":"2018-03-22T16:24:30","slug":"daniela-perez-algunos-prefieren-hacer-demagogia-otros-preferimos-trabajar","status":"publish","type":"post","link":"https:\/\/armstrongyregion.com.ar\/diario\/daniela-perez-algunos-prefieren-hacer-demagogia-otros-preferimos-trabajar\/","title":{"rendered":"Daniela P\u00e9rez: \u201cAlgunos prefieren hacer demagogia, otros preferimos trabajar\u201d."},"content":{"rendered":"<p><a href=\"http:\/\/armstrongyregion.com.ar\/diario\/wp-content\/uploads\/2018\/03\/Verdecchia-Perez-2.jpg\"><img loading=\"lazy\" decoding=\"async\" src=\"http:\/\/armstrongyregion.com.ar\/diario\/wp-content\/uploads\/2018\/03\/Verdecchia-Perez-2.jpg\" alt=\"Verdecchia-Perez-\" width=\"768\" height=\"520\" class=\"alignnone size-full wp-image-16594\" srcset=\"https:\/\/armstrongyregion.com.ar\/diario\/wp-content\/uploads\/2018\/03\/Verdecchia-Perez-2.jpg 768w, https:\/\/armstrongyregion.com.ar\/diario\/wp-content\/uploads\/2018\/03\/Verdecchia-Perez-2-300x203.jpg 300w\" sizes=\"auto, (max-width: 768px) 100vw, 768px\" \/><\/a>En la ma\u00f1ana de hoy, el intendente Dr. Pablo Verdecchia y la Secretaria de Gobierno Daniela P\u00e9rez, hicieron declaraciones ante los medios locales en el Registro Civil de nuestra ciudad, donde estuvieron recorriendo avances de obras y mejoras.<br \/>\nDaniela P\u00e9rez hizo referencia  ante el pedido desde el bloque del partido justicialista integrado por Dr. Augusto Fischer y  Guillermo Marconi donde la semana anterior solicitaron mantenimiento y mejoras en el registro civil, \u201cMe llamo much\u00edsimo la atenci\u00f3n porque uno de los concejales que reclamo el tema de las mejoras fue quien aprob\u00f3 el presupuesto 2018, una partida donde se explic\u00f3 que era para entes provinciales  y organismos donde la provincia muchas veces no da respuesta. En febrero de este a\u00f1o empezamos a dialogar con la gente del registro para dar inicio a una programaci\u00f3n de obra. Se le dio celeridad al techo y al recambio del mobiliario\u201d.<br \/>\nLuego a\u00f1adi\u00f3: \u201cLa verdad que uno de los concejales que m\u00e1s \u00e9nfasis le puso a este tema lo vemos entregando subsidios con el senador departamental y ya que reparten un gran tumulto de subsidios tambi\u00e9n deber\u00edan de saber que  hay instituciones como el registro civil que demanda atenci\u00f3n no solamente en lo edilicio, sino tambi\u00e9n en lo que es el personal, ya que el municipio presta dos empleados registro debido a que desde la provincia no se dictan los cargos correspondientes. Algunos prefieren hacer demagogia otros preferimos trabajar\u201d.<br \/>\nEl intendente informo tambi\u00e9n que adem\u00e1s de las refacciones al registro civil tambi\u00e9n se est\u00e1 acondicionando la comisaria espec\u00edficamente se est\u00e1 trabajando en  el sistema de cloacas que estaba  colapsado.<br \/>\nAnte la consulta si se gestionan recursos ante el Ministerio de Justicia, el intendente nos inform\u00f3 que se hacen desde cada instituci\u00f3n y tambi\u00e9n desde el ejecutivo- a lo que la secretaria de Gobierno a\u00f1adi\u00f3  que: &#8211; \u201cquienes  tienen competencia en poder gestionar estos cargos es tanto el Diputado Solis como el Senador Cornaglia ya que est\u00e1n en las esferas provinciales y tienen much\u00edsimo m\u00e1s peso que un poder ejecutivo como nosotros\u201d.<\/p>\n","protected":false},"excerpt":{"rendered":"<p>En la ma\u00f1ana de hoy, el intendente Dr. Pablo Verdecchia y la Secretaria de Gobierno Daniela P\u00e9rez, hicieron declaraciones ante los medios locales en el Registro Civil de nuestra ciudad, donde estuvieron recorriendo avances de obras y mejoras. Daniela P\u00e9rez hizo referencia ante el pedido desde el bloque del partido justicialista integrado por Dr. Augusto <a href=\"https:\/\/armstrongyregion.com.ar\/diario\/daniela-perez-algunos-prefieren-hacer-demagogia-otros-preferimos-trabajar\/\" title=\"Read more\" >&#8230;<\/a><\/p>\n","protected":false},"author":1,"featured_media":16594,"comment_status":"open","ping_status":"open","sticky":false,"template":"","format":"standard","meta":{"_jetpack_memberships_contains_paid_content":false,"footnotes":"","jetpack_publicize_message":"","jetpack_publicize_feature_enabled":true,"jetpack_social_post_already_shared":false,"jetpack_social_options":{"image_generator_settings":{"template":"highway","default_image_id":0,"enabled":false},"version":2}},"categories":[8,1,2,7,3],"tags":[6520],"class_list":["post-16591","post","type-post","status-publish","format-standard","has-post-thumbnail","hentry","category-deliberando","category-diario-armstrong","category-locales","category-politica","category-region","tag-daniela-perez-algunos-prefieren-hacer-demagogia-otros-preferimos-trabajar"],"jetpack_publicize_connections":[],"jetpack_featured_media_url":"https:\/\/armstrongyregion.com.ar\/diario\/wp-content\/uploads\/2018\/03\/Verdecchia-Perez-2.jpg","jetpack_shortlink":"https:\/\/wp.me\/p62QDO-4jB","jetpack_sharing_enabled":true,"amp_enabled":true,"_links":{"self":[{"href":"https:\/\/armstrongyregion.com.ar\/diario\/wp-json\/wp\/v2\/posts\/16591","targetHints":{"allow":["GET"]}}],"collection":[{"href":"https:\/\/armstrongyregion.com.ar\/diario\/wp-json\/wp\/v2\/posts"}],"about":[{"href":"https:\/\/armstrongyregion.com.ar\/diario\/wp-json\/wp\/v2\/types\/post"}],"author":[{"embeddable":true,"href":"https:\/\/armstrongyregion.com.ar\/diario\/wp-json\/wp\/v2\/users\/1"}],"replies":[{"embeddable":true,"href":"https:\/\/armstrongyregion.com.ar\/diario\/wp-json\/wp\/v2\/comments?post=16591"}],"version-history":[{"count":0,"href":"https:\/\/armstrongyregion.com.ar\/diario\/wp-json\/wp\/v2\/posts\/16591\/revisions"}],"wp:featuredmedia":[{"embeddable":true,"href":"https:\/\/armstrongyregion.com.ar\/diario\/wp-json\/wp\/v2\/media\/16594"}],"wp:attachment":[{"href":"https:\/\/armstrongyregion.com.ar\/diario\/wp-json\/wp\/v2\/media?parent=16591"}],"wp:term":[{"taxonomy":"category","embeddable":true,"href":"https:\/\/armstrongyregion.com.ar\/diario\/wp-json\/wp\/v2\/categories?post=16591"},{"taxonomy":"post_tag","embeddable":true,"href":"https:\/\/armstrongyregion.com.ar\/diario\/wp-json\/wp\/v2\/tags?post=16591"}],"curies":[{"name":"wp","href":"https:\/\/api.w.org\/{rel}","templated":true}]}}