{"id":16586,"date":"2018-03-21T21:07:57","date_gmt":"2018-03-21T21:07:57","guid":{"rendered":"https:\/\/armstrongyregion.com.ar\/diario\/?p=16586"},"modified":"2018-03-21T21:07:57","modified_gmt":"2018-03-21T21:07:57","slug":"canada-de-gomez-actividades-por-el-dia-de-la-memoria-la-verdad-y-la-justicia","status":"publish","type":"post","link":"https:\/\/armstrongyregion.com.ar\/diario\/canada-de-gomez-actividades-por-el-dia-de-la-memoria-la-verdad-y-la-justicia\/","title":{"rendered":"Ca\u00f1ada de G\u00f3mez. Actividades por el D\u00eda de la Memoria, la Verdad y la Justicia."},"content":{"rendered":"<p><a href=\"http:\/\/armstrongyregion.com.ar\/diario\/wp-content\/uploads\/2018\/03\/Memoria-Ca\u00f1ada.jpeg\"><img loading=\"lazy\" decoding=\"async\" src=\"http:\/\/armstrongyregion.com.ar\/diario\/wp-content\/uploads\/2018\/03\/Memoria-Ca\u00f1ada.jpeg\" alt=\"Memoria-Ca\u00f1ada\" width=\"768\" height=\"542\" class=\"alignnone size-full wp-image-16587\" srcset=\"https:\/\/armstrongyregion.com.ar\/diario\/wp-content\/uploads\/2018\/03\/Memoria-Ca\u00f1ada.jpeg 768w, https:\/\/armstrongyregion.com.ar\/diario\/wp-content\/uploads\/2018\/03\/Memoria-Ca\u00f1ada-300x212.jpeg 300w\" sizes=\"auto, (max-width: 768px) 100vw, 768px\" \/><\/a>La Municipalidad de Ca\u00f1ada de G\u00f3mez los invita a participar de las actividades organizadas con motivos del  42\u00ba aniversario del golpe de estado c\u00edvico-militar concretado el 24 de marzo de 1976. En el Museo Hist\u00f3rico Municipal, lugar donde se desarrollar\u00e1n las mismas, los ca\u00f1adenses tendr\u00e1n la oportunidad de presenciar dos importantes actos.<br \/>\nEl viernes 23 de marzo partir de las 20 horas, comenzaremos con la Vigilia por el D\u00eda de la Memoria, la Verdad y la Justicia. Esta vez contaremos con la presencia estelar de Miguel Zavaleta, l\u00edder y fundador del grupo Sueter. Previo al recital de Zavaleta actuar\u00e1n Santos en Remera, Confusi\u00f3n Tango y Vol\u00e1til. Tambi\u00e9n proyectaremos videos alusivos a esa etapa negra de nuestra historia que fueron los a\u00f1os de la dictadura c\u00edvico militar entre 1976 y 1983.<br \/>\nEl s\u00e1bado 24 a partir de las 18,30 horas, en las salas del citado  Museo, realizaremos una charla abierta sobre el D\u00eda de la Memoria, la Verdad y la Justicia. Ese d\u00eda presentaremos una muestra alusiva con textos de los testimonios de ca\u00f1adenses v\u00edctimas de la dictadura c\u00edvico militar. Y contaremos con la palabra de cada uno de ellos, donde expresaran la experiencia vivida en esos a\u00f1os.<br \/>\nTodas las actividades son con entrada libre y gratuita.<\/p>\n","protected":false},"excerpt":{"rendered":"<p>La Municipalidad de Ca\u00f1ada de G\u00f3mez los invita a participar de las actividades organizadas con motivos del 42\u00ba aniversario del golpe de estado c\u00edvico-militar concretado el 24 de marzo de 1976. En el Museo Hist\u00f3rico Municipal, lugar donde se desarrollar\u00e1n las mismas, los ca\u00f1adenses tendr\u00e1n la oportunidad de presenciar dos importantes actos. El viernes 23 <a href=\"https:\/\/armstrongyregion.com.ar\/diario\/canada-de-gomez-actividades-por-el-dia-de-la-memoria-la-verdad-y-la-justicia\/\" title=\"Read more\" >&#8230;<\/a><\/p>\n","protected":false},"author":1,"featured_media":16587,"comment_status":"open","ping_status":"open","sticky":false,"template":"","format":"standard","meta":{"_jetpack_memberships_contains_paid_content":false,"footnotes":"","jetpack_publicize_message":"","jetpack_publicize_feature_enabled":true,"jetpack_social_post_already_shared":false,"jetpack_social_options":{"image_generator_settings":{"template":"highway","default_image_id":0,"enabled":false},"version":2}},"categories":[8,1,2,3],"tags":[6519,5206],"class_list":["post-16586","post","type-post","status-publish","format-standard","has-post-thumbnail","hentry","category-deliberando","category-diario-armstrong","category-locales","category-region","tag-canada-de-gomez-actividades-por-el-dia-de-la-memoria","tag-la-verdad-y-la-justicia"],"jetpack_publicize_connections":[],"jetpack_featured_media_url":"https:\/\/armstrongyregion.com.ar\/diario\/wp-content\/uploads\/2018\/03\/Memoria-Ca\u00f1ada.jpeg","jetpack_shortlink":"https:\/\/wp.me\/p62QDO-4jw","jetpack_sharing_enabled":true,"amp_enabled":true,"_links":{"self":[{"href":"https:\/\/armstrongyregion.com.ar\/diario\/wp-json\/wp\/v2\/posts\/16586","targetHints":{"allow":["GET"]}}],"collection":[{"href":"https:\/\/armstrongyregion.com.ar\/diario\/wp-json\/wp\/v2\/posts"}],"about":[{"href":"https:\/\/armstrongyregion.com.ar\/diario\/wp-json\/wp\/v2\/types\/post"}],"author":[{"embeddable":true,"href":"https:\/\/armstrongyregion.com.ar\/diario\/wp-json\/wp\/v2\/users\/1"}],"replies":[{"embeddable":true,"href":"https:\/\/armstrongyregion.com.ar\/diario\/wp-json\/wp\/v2\/comments?post=16586"}],"version-history":[{"count":0,"href":"https:\/\/armstrongyregion.com.ar\/diario\/wp-json\/wp\/v2\/posts\/16586\/revisions"}],"wp:featuredmedia":[{"embeddable":true,"href":"https:\/\/armstrongyregion.com.ar\/diario\/wp-json\/wp\/v2\/media\/16587"}],"wp:attachment":[{"href":"https:\/\/armstrongyregion.com.ar\/diario\/wp-json\/wp\/v2\/media?parent=16586"}],"wp:term":[{"taxonomy":"category","embeddable":true,"href":"https:\/\/armstrongyregion.com.ar\/diario\/wp-json\/wp\/v2\/categories?post=16586"},{"taxonomy":"post_tag","embeddable":true,"href":"https:\/\/armstrongyregion.com.ar\/diario\/wp-json\/wp\/v2\/tags?post=16586"}],"curies":[{"name":"wp","href":"https:\/\/api.w.org\/{rel}","templated":true}]}}