{"id":1655,"date":"2015-04-09T16:03:32","date_gmt":"2015-04-09T16:03:32","guid":{"rendered":"https:\/\/armstrongyregion.com.ar\/diario\/?p=1655"},"modified":"2015-04-09T16:03:32","modified_gmt":"2015-04-09T16:03:32","slug":"luis-rubeo-presidira-la-camara-de-diputados-hasta-el-10-de-diciembre","status":"publish","type":"post","link":"https:\/\/armstrongyregion.com.ar\/diario\/luis-rubeo-presidira-la-camara-de-diputados-hasta-el-10-de-diciembre\/","title":{"rendered":"Luis Rubeo, presidira la C\u00e1mara de Diputados hasta el 10 de diciembre."},"content":{"rendered":"<p><a href=\"http:\/\/armstrongyregion.com.ar\/diario\/wp-content\/uploads\/2015\/04\/Deliberando11-040.jpg\"><img loading=\"lazy\" decoding=\"async\" class=\"alignnone size-medium wp-image-1657\" src=\"http:\/\/armstrongyregion.com.ar\/diario\/wp-content\/uploads\/2015\/04\/Deliberando11-040-300x200.jpg\" alt=\"Deliberando11 040\" width=\"300\" height=\"200\" srcset=\"https:\/\/armstrongyregion.com.ar\/diario\/wp-content\/uploads\/2015\/04\/Deliberando11-040-300x200.jpg 300w, https:\/\/armstrongyregion.com.ar\/diario\/wp-content\/uploads\/2015\/04\/Deliberando11-040.jpg 750w\" sizes=\"auto, (max-width: 300px) 100vw, 300px\" \/><\/a>Luis Rubeo (h), fue elegido este martes por sus pares como m\u00e1xima autoridad de la C\u00e1mara de Diputados hasta el 10 de diciembre. \u201cQuiero destacar la enorme vocaci\u00f3n democr\u00e1tica y el trabajo que hemos realizado para el fortalecimiento de la institucionalidad de nuestra provincia, garantizando la convivencia pol\u00edtica. Fueron importantes los logros alcanzados para mejorar la vida de los santafesinos pero todav\u00eda queda bastante m\u00e1s por hacer. Es momento entonces de redoblar esfuerzos e ir por lo que falta, convertir en leyes esos proyectos que venimos pregonando para sentir finalmente la satisfacci\u00f3n de haber cumplido con nuestra tarea\u201d, dijo apenas comenzado el discurso.<\/p>\n<p>Inmediatamente, y haciendo un exhaustivo repaso de los casi cuatro a\u00f1os de gesti\u00f3n, el legislador justicialista indic\u00f3: \u201cEn todo este tiempo aprobamos 2.920 proyectos, de los cuales 373 fueron nuevas leyes sancionadas para el beneficio de todos los santafesinos\u201d.<\/p>\n<p>A continuaci\u00f3n, enumer\u00f3 los logros legislativos m\u00e1s trascendentes y manifest\u00f3: \u201cTrabajamos en proyectos importantes para todos los ciudadanos como los presupuestos provinciales; la reforma tributaria; la emergencia en seguridad; la implementaci\u00f3n del nuevo c\u00f3digo procesal penal; la creaci\u00f3n de la polic\u00eda judicial; la incorporaci\u00f3n de recursos para los laboratorios de fabricaci\u00f3n de medicamentos LIF y LEM; y la ley de autismo\u201d.<\/p>\n<p>El reelecto presidente sostuvo adem\u00e1s que \u201cser\u00eda injusto dejar de mencionar la reciente reglamentaci\u00f3n del fondo compensador para el transporte de pasajeros; la ley de descanso dominical; la iniciativa que declara inembargables los bienes de los clubes que funcionen como asociaciones sin fines de lucro; y la adhesi\u00f3n a la Ley Nacional de Fertilizaci\u00f3n Asistida\u201d.<\/p>\n<p>Adem\u00e1s del balance anual propio de cualquier gesti\u00f3n Rubeo no quiso dejar de mencionar \u201clo que a\u00fan seguimos debiendo a los santafesinos\u201d. Fue as\u00ed como expres\u00f3 que \u201clejos de sostener que el trabajo est\u00e1 terminado, creo que queda much\u00edsimo por hacer\u201d.<\/p>\n","protected":false},"excerpt":{"rendered":"<p>Luis Rubeo (h), fue elegido este martes por sus pares como m\u00e1xima autoridad de la C\u00e1mara de Diputados hasta el 10 de diciembre. \u201cQuiero destacar la enorme vocaci\u00f3n democr\u00e1tica y el trabajo que hemos realizado para el fortalecimiento de la institucionalidad de nuestra provincia, garantizando la convivencia pol\u00edtica. Fueron importantes los logros alcanzados para mejorar <a href=\"https:\/\/armstrongyregion.com.ar\/diario\/luis-rubeo-presidira-la-camara-de-diputados-hasta-el-10-de-diciembre\/\" title=\"Read more\" >&#8230;<\/a><\/p>\n","protected":false},"author":2,"featured_media":1657,"comment_status":"open","ping_status":"open","sticky":false,"template":"","format":"standard","meta":{"_jetpack_memberships_contains_paid_content":false,"footnotes":"","jetpack_publicize_message":"","jetpack_publicize_feature_enabled":true,"jetpack_social_post_already_shared":false,"jetpack_social_options":{"image_generator_settings":{"template":"highway","default_image_id":0,"enabled":false},"version":2}},"categories":[8,1,7],"tags":[1382,1380,19,233,829,16,1381,31,1377,1379,1378],"class_list":["post-1655","post","type-post","status-publish","format-standard","has-post-thumbnail","hentry","category-deliberando","category-diario-armstrong","category-politica","tag-1382","tag-camara","tag-de","tag-diciembre","tag-diputados","tag-el","tag-hasta","tag-la","tag-luis","tag-presidira","tag-rubeo"],"jetpack_publicize_connections":[],"jetpack_featured_media_url":"https:\/\/armstrongyregion.com.ar\/diario\/wp-content\/uploads\/2015\/04\/Deliberando11-040.jpg","jetpack_shortlink":"https:\/\/wp.me\/p62QDO-qH","jetpack_sharing_enabled":true,"amp_enabled":true,"_links":{"self":[{"href":"https:\/\/armstrongyregion.com.ar\/diario\/wp-json\/wp\/v2\/posts\/1655","targetHints":{"allow":["GET"]}}],"collection":[{"href":"https:\/\/armstrongyregion.com.ar\/diario\/wp-json\/wp\/v2\/posts"}],"about":[{"href":"https:\/\/armstrongyregion.com.ar\/diario\/wp-json\/wp\/v2\/types\/post"}],"author":[{"embeddable":true,"href":"https:\/\/armstrongyregion.com.ar\/diario\/wp-json\/wp\/v2\/users\/2"}],"replies":[{"embeddable":true,"href":"https:\/\/armstrongyregion.com.ar\/diario\/wp-json\/wp\/v2\/comments?post=1655"}],"version-history":[{"count":0,"href":"https:\/\/armstrongyregion.com.ar\/diario\/wp-json\/wp\/v2\/posts\/1655\/revisions"}],"wp:featuredmedia":[{"embeddable":true,"href":"https:\/\/armstrongyregion.com.ar\/diario\/wp-json\/wp\/v2\/media\/1657"}],"wp:attachment":[{"href":"https:\/\/armstrongyregion.com.ar\/diario\/wp-json\/wp\/v2\/media?parent=1655"}],"wp:term":[{"taxonomy":"category","embeddable":true,"href":"https:\/\/armstrongyregion.com.ar\/diario\/wp-json\/wp\/v2\/categories?post=1655"},{"taxonomy":"post_tag","embeddable":true,"href":"https:\/\/armstrongyregion.com.ar\/diario\/wp-json\/wp\/v2\/tags?post=1655"}],"curies":[{"name":"wp","href":"https:\/\/api.w.org\/{rel}","templated":true}]}}