{"id":16535,"date":"2018-03-17T20:55:34","date_gmt":"2018-03-17T20:55:34","guid":{"rendered":"https:\/\/armstrongyregion.com.ar\/diario\/?p=16535"},"modified":"2018-03-17T20:55:34","modified_gmt":"2018-03-17T20:55:34","slug":"se-conformo-la-mesa-de-cambiemos-del-departamento-iriondo","status":"publish","type":"post","link":"https:\/\/armstrongyregion.com.ar\/diario\/se-conformo-la-mesa-de-cambiemos-del-departamento-iriondo\/","title":{"rendered":"Se conform\u00f3 la Mesa de Cambiemos del Departamento Iriondo."},"content":{"rendered":"<p><a href=\"http:\/\/armstrongyregion.com.ar\/diario\/wp-content\/uploads\/2018\/03\/rasetto-cambiemos-.jpg\"><img loading=\"lazy\" decoding=\"async\" src=\"http:\/\/armstrongyregion.com.ar\/diario\/wp-content\/uploads\/2018\/03\/rasetto-cambiemos-.jpg\" alt=\"rasetto-cambiemos-\" width=\"768\" height=\"512\" class=\"alignnone size-full wp-image-16536\" srcset=\"https:\/\/armstrongyregion.com.ar\/diario\/wp-content\/uploads\/2018\/03\/rasetto-cambiemos-.jpg 768w, https:\/\/armstrongyregion.com.ar\/diario\/wp-content\/uploads\/2018\/03\/rasetto-cambiemos--300x200.jpg 300w\" sizes=\"auto, (max-width: 768px) 100vw, 768px\" \/><\/a>Con la presencia de los principales dirigentes de Cambiemos de la provincia y de la zona, se realiz\u00f3 la primera reuni\u00f3n en la ciudad de Ca\u00f1ada de G\u00f3mez. Hubo un fuerte respaldo al gobierno que lidera Mauricio Macri, y un compromiso de seguir fortaleciendo la coalici\u00f3n en Santa Fe.<\/p>\n<p>Este viernes por la ma\u00f1ana se conform\u00f3 la Mesa de Cambiemos del departamento Iriondo, con un encuentro de trabajo que se realiz\u00f3 en la ciudad de Ca\u00f1ada de G\u00f3mez y que reuni\u00f3 a los principales dirigentes provinciales y locales de la coalici\u00f3n. El senador departamental Hugo Rasetto; Jos\u00e9 Corral, intendente de Santa Fe; Federico Angelini, titular del PRO santafesino; Juli\u00e1n Galdeano, presidente de la UCR provincial; Cesira Arcando, del Partido FE y Gonzalo Mansilla de Souza, de UCeDe, encabezaron la conferencia de prensa que se realiz\u00f3 en el Hotel Universal. Junto a ellos estuvieron los integrantes de la Mesa de Cambiemos del departamento: Franco Mazzoli, Mat\u00edas Chale y Luciano Travaglino (concejales de Ca\u00f1ada de G\u00f3mez); Carlos Fontana (concejal de Totoras) y Juan Giles, con los presidentes comunales Osvaldo Rezzonico (Carrizales), M\u00f3nica Bucher (Clason), Virna Perticarari (Salto Grande) y Mauricio Tartaglini (Villa Elo\u00edsa); y los dirigentes Gerardo Colotti, Jorge Balbi, V\u00edctor Ugulinelli, y M\u00f3nica Aran.<br \/>\n<a href=\"http:\/\/armstrongyregion.com.ar\/diario\/wp-content\/uploads\/2018\/03\/Rassetto-Cambiemos-2.jpg\"><img loading=\"lazy\" decoding=\"async\" src=\"http:\/\/armstrongyregion.com.ar\/diario\/wp-content\/uploads\/2018\/03\/Rassetto-Cambiemos-2.jpg\" alt=\"Rassetto-Cambiemos-2\" width=\"768\" height=\"418\" class=\"alignnone size-full wp-image-16537\" srcset=\"https:\/\/armstrongyregion.com.ar\/diario\/wp-content\/uploads\/2018\/03\/Rassetto-Cambiemos-2.jpg 768w, https:\/\/armstrongyregion.com.ar\/diario\/wp-content\/uploads\/2018\/03\/Rassetto-Cambiemos-2-300x163.jpg 300w\" sizes=\"auto, (max-width: 768px) 100vw, 768px\" \/><\/a>Adem\u00e1s estuvieron el intendente de Funes, Le\u00f3n Barreto; la diputada nacional Astrid Hummel y la legisladora provincial Miriam Cinalli.<br \/>\nHugo Jes\u00fas Rasetto indic\u00f3 que \u201cLo importante es darle organizaci\u00f3n a Cambiemos, que es un movimiento joven que ha partido de una construcci\u00f3n desde arriba hacia abajo; la cual tenemos que afianzar. La mejor manera es mediante esta mesa integrada por dirigentes de todo el departamento, con los distintos partidos pol\u00edticos que conforman Cambiemos. Ellos son quienes participan e intervienen en la realidad pol\u00edtica social y econ\u00f3mica del territorio\u201d.<br \/>\nJos\u00e9 Corral, intendente de Santa Fe, se\u00f1al\u00f3 que \u201cestamos muy entusiasmados con conformar Cambiemos en todos los departamentos, con el objetivo de consolidar esta herramienta que eligieron los argentinos y los santafesinos en particular para darle una oportunidad de cambio al pa\u00eds y a la provincia\u201d.<br \/>\nEl dirigente de Cambiemos se\u00f1al\u00f3 que \u201cdesde que asumi\u00f3 Mauricio Macri, en el pa\u00eds hay una fuerte vocaci\u00f3n de enfrentar los problemas, diciendo la verdad, para ir encontrando el camino correcto, que es el de la cultura del trabajo y del esfuerzo\u201d. Y en esa l\u00ednea, apunt\u00f3 que nosotros \u201ccreemos que en Santa Fe debemos formular una propuesta para la provincia, trabajando para mejorar la seguridad, para generar m\u00e1s empleo y oportunidades, y creemos que Cambiemos tiene que representar esa expectativa de futuro mejor en Santa Fe\u201d.<br \/>\nFue all\u00ed cuando remarc\u00f3 que la provincia \u201cle da mucho al pa\u00eds, y necesita sumarse y alinearse con este cambio que est\u00e1 viviendo la Argentina\u201d.<br \/>\nA su turno, el diputado Federico Angelini mencion\u00f3: \u201cEs una alegr\u00eda estar en el departamento Iriondo y poder lanzar la primera mesa de Cambiemos en el interior de la provincia. Esto es una demostraci\u00f3n de madurez de parte de nuestra fuerza pol\u00edtica, y sobre todo una respuesta a quienes planteaban c\u00f3mo iba a ser posible que pudi\u00e9ramos permanecer juntos teniendo or\u00edgenes pol\u00edticos distintos\u201d.<br \/>\n\u201cLuego del triunfo de 2017 la gente nos traslad\u00f3 una enorme responsabilidad, y nosotros tenemos que estar a la altura de las circunstancias. Esa enorme responsabilidad es que trabajemos en equipo, que estemos de manera permanente siendo puentes entre la provincia y la Naci\u00f3n para solucionar problemas cotidianos\u201d, agreg\u00f3.<br \/>\n\u201cLos vecinos -continu\u00f3- nos piden que estemos cerca, trabajando en lo cotidiano y no pensando en 2019 sino que nos organicemos para dar soluciones concretas en el corto plazo. Ese es el mayor desaf\u00edo que tenemos en este a\u00f1o\u201d, a\u00f1adi\u00f3 Angelini.<br \/>\nA modo de cierre, el dirigente de Cambiemos indic\u00f3 que \u201cnuestra meta es seguir consolidando estas mesas en todos los departamentos de Santa Fe, donde cada vez vamos sumando m\u00e1s referentes que comparten nuestra visi\u00f3n de pa\u00eds que encabeza el presidente Mauricio Macri\u201d.<br \/>\nFinalmente, Juli\u00e1n Galdeano se\u00f1al\u00f3 que \u201cc\u00f3mo lo hicimos en 2015, cuando a nivel nacional conformamos Cambiemos, hoy en Iriondo vivimos con mucha expectativa la construcci\u00f3n de la mesa departamental de Cambiemos. Queremos que en Santa Fe haya un espacio en donde todos trabajemos buscando soluciones a las necesidades de los santafesinos. Conocemos los problemas y tenemos la sensibilidad necesaria para comprender las urgencias que muchos tienen y en ese sentido comenzamos a transitar el camino nutri\u00e9ndonos de la experiencia conjunta que se da a nivel nacional\u201d.<\/p>\n","protected":false},"excerpt":{"rendered":"<p>Con la presencia de los principales dirigentes de Cambiemos de la provincia y de la zona, se realiz\u00f3 la primera reuni\u00f3n en la ciudad de Ca\u00f1ada de G\u00f3mez. Hubo un fuerte respaldo al gobierno que lidera Mauricio Macri, y un compromiso de seguir fortaleciendo la coalici\u00f3n en Santa Fe. Este viernes por la ma\u00f1ana se <a href=\"https:\/\/armstrongyregion.com.ar\/diario\/se-conformo-la-mesa-de-cambiemos-del-departamento-iriondo\/\" title=\"Read more\" >&#8230;<\/a><\/p>\n","protected":false},"author":1,"featured_media":16536,"comment_status":"open","ping_status":"open","sticky":false,"template":"","format":"standard","meta":{"_jetpack_memberships_contains_paid_content":false,"footnotes":"","jetpack_publicize_message":"","jetpack_publicize_feature_enabled":true,"jetpack_social_post_already_shared":false,"jetpack_social_options":{"image_generator_settings":{"template":"highway","default_image_id":0,"enabled":false},"version":2}},"categories":[8,1,7,3],"tags":[6504],"class_list":["post-16535","post","type-post","status-publish","format-standard","has-post-thumbnail","hentry","category-deliberando","category-diario-armstrong","category-politica","category-region","tag-se-conformo-la-mesa-de-cambiemos-del-departamento-iriondo"],"jetpack_publicize_connections":[],"jetpack_featured_media_url":"https:\/\/armstrongyregion.com.ar\/diario\/wp-content\/uploads\/2018\/03\/rasetto-cambiemos-.jpg","jetpack_shortlink":"https:\/\/wp.me\/p62QDO-4iH","jetpack_sharing_enabled":true,"amp_enabled":true,"_links":{"self":[{"href":"https:\/\/armstrongyregion.com.ar\/diario\/wp-json\/wp\/v2\/posts\/16535","targetHints":{"allow":["GET"]}}],"collection":[{"href":"https:\/\/armstrongyregion.com.ar\/diario\/wp-json\/wp\/v2\/posts"}],"about":[{"href":"https:\/\/armstrongyregion.com.ar\/diario\/wp-json\/wp\/v2\/types\/post"}],"author":[{"embeddable":true,"href":"https:\/\/armstrongyregion.com.ar\/diario\/wp-json\/wp\/v2\/users\/1"}],"replies":[{"embeddable":true,"href":"https:\/\/armstrongyregion.com.ar\/diario\/wp-json\/wp\/v2\/comments?post=16535"}],"version-history":[{"count":0,"href":"https:\/\/armstrongyregion.com.ar\/diario\/wp-json\/wp\/v2\/posts\/16535\/revisions"}],"wp:featuredmedia":[{"embeddable":true,"href":"https:\/\/armstrongyregion.com.ar\/diario\/wp-json\/wp\/v2\/media\/16536"}],"wp:attachment":[{"href":"https:\/\/armstrongyregion.com.ar\/diario\/wp-json\/wp\/v2\/media?parent=16535"}],"wp:term":[{"taxonomy":"category","embeddable":true,"href":"https:\/\/armstrongyregion.com.ar\/diario\/wp-json\/wp\/v2\/categories?post=16535"},{"taxonomy":"post_tag","embeddable":true,"href":"https:\/\/armstrongyregion.com.ar\/diario\/wp-json\/wp\/v2\/tags?post=16535"}],"curies":[{"name":"wp","href":"https:\/\/api.w.org\/{rel}","templated":true}]}}