{"id":1652,"date":"2015-04-09T15:53:18","date_gmt":"2015-04-09T15:53:18","guid":{"rendered":"https:\/\/armstrongyregion.com.ar\/diario\/?p=1652"},"modified":"2015-04-09T15:53:18","modified_gmt":"2015-04-09T15:53:18","slug":"carta-abierta-de-un-periodista-a-santafesinas-y-santafesinos-por-carlos-del-frade","status":"publish","type":"post","link":"https:\/\/armstrongyregion.com.ar\/diario\/carta-abierta-de-un-periodista-a-santafesinas-y-santafesinos-por-carlos-del-frade\/","title":{"rendered":"Carta abierta de un periodista a Santafesinas y Santafesinos. Por Carlos Del Frade."},"content":{"rendered":"<p><a href=\"http:\/\/armstrongyregion.com.ar\/diario\/wp-content\/uploads\/2015\/04\/delfrade.jpg\"><img loading=\"lazy\" decoding=\"async\" class=\"alignnone size-medium wp-image-1653\" src=\"http:\/\/armstrongyregion.com.ar\/diario\/wp-content\/uploads\/2015\/04\/delfrade-300x196.jpg\" alt=\"delfrade\" width=\"300\" height=\"196\" srcset=\"https:\/\/armstrongyregion.com.ar\/diario\/wp-content\/uploads\/2015\/04\/delfrade-300x196.jpg 300w, https:\/\/armstrongyregion.com.ar\/diario\/wp-content\/uploads\/2015\/04\/delfrade.jpg 763w\" sizes=\"auto, (max-width: 300px) 100vw, 300px\" \/><\/a>Santafesinas y santafesinos, los molesto para que tengan en cuenta lo que venimos diciendo y haciendo en los \u00faltimos treinta a\u00f1os y que ahora se exhibir\u00e1 en las elecciones de abril y junio cuando decidamos la historia de nuestra monumental provincia para los pr\u00f3ximos cuatro a\u00f1os.<\/p>\n<p>Desde hace tres d\u00e9cadas trabajo de lo que me apasiona, hago periodismo, cuyo \u00fanico secreto consiste en saber escuchar bien para contar bien lo que sucede con nuestro pueblo.<\/p>\n<p>Tuve el privilegio de conocer la dimensi\u00f3n del territorio cuando los grandes patrones de los medios masivos de comunicaci\u00f3n de Rosario me censuraron y, como consecuencia, trabaj\u00e9 en Santa Fe capital y all\u00ed aprend\u00ed la profundidad, el potencial, el drama y tambi\u00e9n la esperanza de la mirada completa de esta geograf\u00eda con forma de bota. Al tiempo, tal como hab\u00eda ocurrido en la cuna de la bandera, me tuve que ir sin ninguna gana. Como miles y miles de trabajadores, desde hace quince a\u00f1os que sin empleo estable, vivo con una familia hermosa y escribo libros y produzco investigaciones que tienen repercusiones pol\u00edticas mucho m\u00e1s all\u00e1 de las grandes empresas medi\u00e1ticas y los poderes de siempre.<\/p>\n<p>Pero la producci\u00f3n de informaci\u00f3n genera conciencia pol\u00edtica. Desde 2007 he sido candidato dos veces a diputado nacional, poniendo en juego ese trabajo de treinta a\u00f1os en beneficio de una idea y en beneficio de lo colectivo y en 2011, como candidato a diputado provincial, obtuvimos 60.426 votos, logrando la banca 42 entre las cincuenta en disputa. La corporaci\u00f3n pol\u00edtica, subordinada a las grandes billeteras, utiliz\u00f3 un decreto vigente de la dictadura y nos dej\u00f3 afuera sin importarle para nada la falta de respeto a tantos santafesinos y santafesinas.<\/p>\n<p>Hoy vuelvo a ser precandidato a diputado provincial, expresando un proyecto pol\u00edtico llevado adelante por el Partido del Trabajo y el Pueblo, el Socialismo Aut\u00e9ntico, el Movimiento Socialista de los Trabajadores, Patria Grande, Unidad Popular, la organizaci\u00f3n social Causa, referentes del original Proyecto Sur y sectores independientes. Entre todos hemos conformado el Frente Social y Popular.<\/p>\n<p>Para nosotros, la muerte de nuestros pibes es nuestro principal drama. Consecuencia de una pol\u00edtica de 32 a\u00f1os (seis gobiernos del PJ y dos del socialismo y radicalismo) que han resignado sus hist\u00f3ricas banderas y se han convertido en administradores de los intereses de los factores de poder y las instituciones.<\/p>\n<p>Somos una provincia que produce m\u00e1s de 200 mil millones de pesos anuales con un presupuesto de 76 mil millones y con una quincena de empresas que facturan casi 100 mil millones de pesos por a\u00f1o y, sin embargo, est\u00e1n exentas de pagar ingresos brutos. Por eso vivimos en una provincia con el presente injustamente repartido. Con 5 mil pesos de ingreso per capita cuando esa cantidad de dinero que producimos (aquellos 200 mil millones) representan, en realidad, m\u00e1s de 10 mil pesos por mes para cada uno de los que formamos la llamada poblaci\u00f3n econ\u00f3micamente activa. Hay desigualdad porque los gobiernos no quieren transformar la realidad. Apenas son socios de los que m\u00e1s tienen y m\u00e1s ganan.<\/p>\n<p>De all\u00ed las obscenidades: 300 mil viviendas hacen falta para las santafesinas y los santafesinos y, en forma paralela, m\u00e1s de 190 mil casas y departamentos vac\u00edos. Consecuencia del lavado de dinero y la especulaci\u00f3n inmobiliaria. Por eso decimos de la necesidad de expropiar las propiedades vac\u00edas en funci\u00f3n social para que esos domicilios sean para los que necesitan casas dignas.<\/p>\n<p>Democracia o grandes negocios e impunidad, decimos. Hemos denunciado que el narcotr\u00e1fico es un negocio paraestatal, que necesita de la corrupci\u00f3n pol\u00edtica en distintos nichos de los gobiernos nacionales, provinciales y municipales para desarrollarse. Que detr\u00e1s de cada polic\u00eda corrupto hay un pol\u00edtico corrupto. Y que la Legislatura debe ser el lugar para denunciar estas cosas que los grandes partidos vinieron callando en los \u00faltimos a\u00f1os.<\/p>\n<p>El 40 por ciento de nuestras pibas y nuestros pibes no terminan el ciclo escolar en tiempo y forma, seg\u00fan un estudio de la UNICEF. Sin trabajo en los barrios, sin deporte, sin alegr\u00eda, sin cultura, terminan siendo v\u00edctimas de dos de los grandes negocios del sistema: las armas y las drogas. Hay que empatarle a esa seducci\u00f3n ofreci\u00e9ndoles caminos alternativos, que puedan elegir otro presente: trabajo estable y digno para chicas y chicos menores de 25 a\u00f1os; ministerio de deporte para que junto a la educaci\u00f3n y la salud la actividad f\u00edsica contagie de valores sociales y \u00e9ticos que los enamore de la vida y espacios comunicacionales barriales (ESCOBAS) donde los funcionarios nacionales, provinciales y municipales rindan cuentan, mensualmente, de sus actividades y si son c\u00f3mplices por acci\u00f3n y omisi\u00f3n de las distintas mafias sean revocados por esas asambleas barriales.<\/p>\n<p>So\u00f1amos con leyes que proh\u00edban despidos y suspensiones, con la recuperaci\u00f3n del Banco Provincial de Santa Fe, empresas provinciales de alimentos para no caer en la especulaci\u00f3n de los formadores de precio y, de esta manera, combatir la inflaci\u00f3n de forma concreta y cercana; congreso pedag\u00f3gico provincial y congresos de jubilados permanentes para que cada uno de los ex trabajadores de la EPE, la DIPOS, el Banco Provincial, los ferroviarios y dem\u00e1s, aporten su sabidur\u00eda y experiencia en pos de un mejor presente para la vida cotidiana de los santafesinos y las santafesinas.<\/p>\n<p>Les escribimos para decirles que estamos dispuestos a ir a cualquier barrio donde nos inviten para presentar nuestro libro que habla sobre \u201cEl futuro santafesino. Deuda interna y esperanza\u201d o nuestras investigaciones sobre el narcotr\u00e1fico para as\u00ed burlar la censura que imponen los grandes medios de comunicaci\u00f3n que terminan beneficiando a las corporaciones pol\u00edticas de siempre que nos condenan a vivir como siempre. Por favor, inv\u00edtenos. Necesitamos hacer conocer nuestra informaci\u00f3n y nuestros sue\u00f1os. Para que no crea que tiene que votar siempre lo mismo.<\/p>\n<p>Desde hace m\u00e1s de treinta a\u00f1os que vengo denunciando mafias y corrupciones, desde hace m\u00e1s de treinta a\u00f1os tambi\u00e9n venimos marcando las esperanzas que surgen desde el pueblo.<br \/>\nPor eso los invitamos a difundir nuestras ideas, a pedirles, con toda humildad, que nos escuchen para intentar pelear por la felicidad, como dec\u00eda aquel revolucionario desesperado que fue Manuel Belgrano, el verdadero objetivo de la pol\u00edtica. Para que la felicidad no sea la propiedad privada de unos pocos.<\/p>\n<p>Les pido la gauchada que nos den una oportunidad y que en estas elecciones de abril y junio nos voten para ocupar un lugar en la c\u00e1mara de diputados de la provincia.<\/p>\n<p>Gracias por haber llegado hasta este rengl\u00f3n.<\/p>\n<p>No alcanza con cantarles el feliz cumplea\u00f1os a nuestros hijos.<br \/>\nHay que hacer algo m\u00e1s para que puedan ser felices.<br \/>\nEntre otras cosas, animarse a votar diferente para vivir diferente.<\/p>\n<p>Una vez m\u00e1s, muchas gracias.<\/p>\n<p>Carlos del Frade<br \/>\nPeriodista y escritor.<br \/>\nPrecandidato a diputado provincial por el Frente Social y Popular<\/p>\n","protected":false},"excerpt":{"rendered":"<p>Santafesinas y santafesinos, los molesto para que tengan en cuenta lo que venimos diciendo y haciendo en los \u00faltimos treinta a\u00f1os y que ahora se exhibir\u00e1 en las elecciones de abril y junio cuando decidamos la historia de nuestra monumental provincia para los pr\u00f3ximos cuatro a\u00f1os. Desde hace tres d\u00e9cadas trabajo de lo que me <a href=\"https:\/\/armstrongyregion.com.ar\/diario\/carta-abierta-de-un-periodista-a-santafesinas-y-santafesinos-por-carlos-del-frade\/\" title=\"Read more\" >&#8230;<\/a><\/p>\n","protected":false},"author":2,"featured_media":1653,"comment_status":"open","ping_status":"open","sticky":false,"template":"","format":"standard","meta":{"_jetpack_memberships_contains_paid_content":false,"footnotes":"","jetpack_publicize_message":"","jetpack_publicize_feature_enabled":true,"jetpack_social_post_already_shared":false,"jetpack_social_options":{"image_generator_settings":{"template":"highway","default_image_id":0,"enabled":false},"version":2}},"categories":[8,1,7,3],"tags":[33,433,1375,1372,19,53,1376,1373,60,1374,1172,192,13],"class_list":["post-1652","post","type-post","status-publish","format-standard","has-post-thumbnail","hentry","category-deliberando","category-diario-armstrong","category-politica","category-region","tag-a","tag-abierta","tag-carlos","tag-carta","tag-de","tag-del","tag-frade","tag-periodista","tag-por","tag-santafesinas","tag-santafesinos","tag-un","tag-y"],"jetpack_publicize_connections":[],"jetpack_featured_media_url":"https:\/\/armstrongyregion.com.ar\/diario\/wp-content\/uploads\/2015\/04\/delfrade.jpg","jetpack_shortlink":"https:\/\/wp.me\/p62QDO-qE","jetpack_sharing_enabled":true,"amp_enabled":true,"_links":{"self":[{"href":"https:\/\/armstrongyregion.com.ar\/diario\/wp-json\/wp\/v2\/posts\/1652","targetHints":{"allow":["GET"]}}],"collection":[{"href":"https:\/\/armstrongyregion.com.ar\/diario\/wp-json\/wp\/v2\/posts"}],"about":[{"href":"https:\/\/armstrongyregion.com.ar\/diario\/wp-json\/wp\/v2\/types\/post"}],"author":[{"embeddable":true,"href":"https:\/\/armstrongyregion.com.ar\/diario\/wp-json\/wp\/v2\/users\/2"}],"replies":[{"embeddable":true,"href":"https:\/\/armstrongyregion.com.ar\/diario\/wp-json\/wp\/v2\/comments?post=1652"}],"version-history":[{"count":0,"href":"https:\/\/armstrongyregion.com.ar\/diario\/wp-json\/wp\/v2\/posts\/1652\/revisions"}],"wp:featuredmedia":[{"embeddable":true,"href":"https:\/\/armstrongyregion.com.ar\/diario\/wp-json\/wp\/v2\/media\/1653"}],"wp:attachment":[{"href":"https:\/\/armstrongyregion.com.ar\/diario\/wp-json\/wp\/v2\/media?parent=1652"}],"wp:term":[{"taxonomy":"category","embeddable":true,"href":"https:\/\/armstrongyregion.com.ar\/diario\/wp-json\/wp\/v2\/categories?post=1652"},{"taxonomy":"post_tag","embeddable":true,"href":"https:\/\/armstrongyregion.com.ar\/diario\/wp-json\/wp\/v2\/tags?post=1652"}],"curies":[{"name":"wp","href":"https:\/\/api.w.org\/{rel}","templated":true}]}}