{"id":16464,"date":"2018-03-12T10:55:56","date_gmt":"2018-03-12T10:55:56","guid":{"rendered":"https:\/\/armstrongyregion.com.ar\/diario\/?p=16464"},"modified":"2018-03-12T10:55:56","modified_gmt":"2018-03-12T10:55:56","slug":"frente-anti-cambiemos-despues-de-los-anuncios-comenzaron-las-reuniones","status":"publish","type":"post","link":"https:\/\/armstrongyregion.com.ar\/diario\/frente-anti-cambiemos-despues-de-los-anuncios-comenzaron-las-reuniones\/","title":{"rendered":"Frente anti Cambiemos: despu\u00e9s de los anuncios comenzaron las reuniones."},"content":{"rendered":"<p><a href=\"http:\/\/armstrongyregion.com.ar\/diario\/wp-content\/uploads\/2018\/03\/alfonsin_lifschitz_reunion_2019.jpg_501420591.jpg\"><img loading=\"lazy\" decoding=\"async\" src=\"http:\/\/armstrongyregion.com.ar\/diario\/wp-content\/uploads\/2018\/03\/alfonsin_lifschitz_reunion_2019.jpg_501420591.jpg\" alt=\"alfonsin_lifschitz_reunion_2019.jpg_501420591\" width=\"768\" height=\"433\" class=\"alignnone size-full wp-image-16465\" srcset=\"https:\/\/armstrongyregion.com.ar\/diario\/wp-content\/uploads\/2018\/03\/alfonsin_lifschitz_reunion_2019.jpg_501420591.jpg 768w, https:\/\/armstrongyregion.com.ar\/diario\/wp-content\/uploads\/2018\/03\/alfonsin_lifschitz_reunion_2019.jpg_501420591-300x169.jpg 300w\" sizes=\"auto, (max-width: 768px) 100vw, 768px\" \/><\/a>La posibilidad de conformar un Frente amplio para disputarle la Provincia y la Municipalidad al macrismo en 2019 ya tuvo los primeros avances. Luego de una semana donde los partidos pol\u00edticos opositores a la gesti\u00f3n nacional manifestaron su intensi\u00f3n de tejer nuevas alianzas, este fin de semana, comenzaron las reuniones.<\/p>\n<p>A nivel provincial, y tambi\u00e9n nacional, el socialismo inicio un cronograma de encuentros con los distintos espacios que conforman el Frente Progresista C\u00edvico y Social, con el objetivo de fortalecer la coalici\u00f3n para instalarse como una opci\u00f3n competitiva en los pr\u00f3ximos comicios.<\/p>\n<p>Este s\u00e1bado, el gobernador Miguel Lifschitz comparti\u00f3 un caf\u00e9 con el diputado nacional del la UCR, Ricardo Alfons\u00edn, para \u00absentar las bases de un progresismo moderno e innovador, con una visi\u00f3n social y bien federal\u00bb.<br \/>\nEl hijo del ex presidente estuvo participando de un encuentro con radicales progresistas en Rosario, donde se debati\u00f3 sobre \u00abel futuro del partido\u00bb.<\/p>\n<p>Por su parte, el presidente del Partido Socialista (PS), Antonio Bonfatti particip\u00f3 este s\u00e1bado del VII Congreso Nacional Ordinario del partido, en la Facultad de Ingenier\u00eda de Rosario, donde un gran n\u00famero de delegados debatieron bajo la consigna \u201cConstruyendo una alternativa progresista\u201d.<\/p>\n<p>\u201cTenemos que construir una alternativa diferente, sin deshonestos y sin la derecha, debemos convocar a los argentinos a tener pol\u00edticas de Estado, tenemos que ser protagonistas en 2019, estoy seguro que una compa\u00f1era o compa\u00f1ero va a encabezar este proyecto\u201d, se\u00f1al\u00f3 el presidente de la C\u00e1mara de Diputados de la provincia de Santa Fe, ante la presencia de los principales referentes del partido, como el gobernador, Miguel Lifschitz; la intendenta de Rosario, M\u00f3nica Fein; el ex gobernador, Hermes Binner; el vicepresidente del Partido de los Trabajadores de Brasil, Luiz Dulci; el secretario General del PS, Eduardo Di Dolina, y el dirigente H\u00e9ctor Polino, entre otros.<br \/>\nRosarioPlus.com<\/p>\n","protected":false},"excerpt":{"rendered":"<p>La posibilidad de conformar un Frente amplio para disputarle la Provincia y la Municipalidad al macrismo en 2019 ya tuvo los primeros avances. Luego de una semana donde los partidos pol\u00edticos opositores a la gesti\u00f3n nacional manifestaron su intensi\u00f3n de tejer nuevas alianzas, este fin de semana, comenzaron las reuniones. A nivel provincial, y tambi\u00e9n <a href=\"https:\/\/armstrongyregion.com.ar\/diario\/frente-anti-cambiemos-despues-de-los-anuncios-comenzaron-las-reuniones\/\" title=\"Read more\" >&#8230;<\/a><\/p>\n","protected":false},"author":1,"featured_media":16465,"comment_status":"open","ping_status":"open","sticky":false,"template":"","format":"standard","meta":{"_jetpack_memberships_contains_paid_content":false,"footnotes":"","jetpack_publicize_message":"","jetpack_publicize_feature_enabled":true,"jetpack_social_post_already_shared":false,"jetpack_social_options":{"image_generator_settings":{"template":"highway","default_image_id":0,"enabled":false},"version":2}},"categories":[8,1,7,3],"tags":[6478],"class_list":["post-16464","post","type-post","status-publish","format-standard","has-post-thumbnail","hentry","category-deliberando","category-diario-armstrong","category-politica","category-region","tag-frente-anti-cambiemos-despues-de-los-anuncios-comenzaron-las-reuniones"],"jetpack_publicize_connections":[],"jetpack_featured_media_url":"https:\/\/armstrongyregion.com.ar\/diario\/wp-content\/uploads\/2018\/03\/alfonsin_lifschitz_reunion_2019.jpg_501420591.jpg","jetpack_shortlink":"https:\/\/wp.me\/p62QDO-4hy","jetpack_sharing_enabled":true,"amp_enabled":true,"_links":{"self":[{"href":"https:\/\/armstrongyregion.com.ar\/diario\/wp-json\/wp\/v2\/posts\/16464","targetHints":{"allow":["GET"]}}],"collection":[{"href":"https:\/\/armstrongyregion.com.ar\/diario\/wp-json\/wp\/v2\/posts"}],"about":[{"href":"https:\/\/armstrongyregion.com.ar\/diario\/wp-json\/wp\/v2\/types\/post"}],"author":[{"embeddable":true,"href":"https:\/\/armstrongyregion.com.ar\/diario\/wp-json\/wp\/v2\/users\/1"}],"replies":[{"embeddable":true,"href":"https:\/\/armstrongyregion.com.ar\/diario\/wp-json\/wp\/v2\/comments?post=16464"}],"version-history":[{"count":0,"href":"https:\/\/armstrongyregion.com.ar\/diario\/wp-json\/wp\/v2\/posts\/16464\/revisions"}],"wp:featuredmedia":[{"embeddable":true,"href":"https:\/\/armstrongyregion.com.ar\/diario\/wp-json\/wp\/v2\/media\/16465"}],"wp:attachment":[{"href":"https:\/\/armstrongyregion.com.ar\/diario\/wp-json\/wp\/v2\/media?parent=16464"}],"wp:term":[{"taxonomy":"category","embeddable":true,"href":"https:\/\/armstrongyregion.com.ar\/diario\/wp-json\/wp\/v2\/categories?post=16464"},{"taxonomy":"post_tag","embeddable":true,"href":"https:\/\/armstrongyregion.com.ar\/diario\/wp-json\/wp\/v2\/tags?post=16464"}],"curies":[{"name":"wp","href":"https:\/\/api.w.org\/{rel}","templated":true}]}}