{"id":16454,"date":"2018-03-09T21:17:13","date_gmt":"2018-03-09T21:17:13","guid":{"rendered":"https:\/\/armstrongyregion.com.ar\/diario\/?p=16454"},"modified":"2018-03-09T21:17:13","modified_gmt":"2018-03-09T21:17:13","slug":"delegacion-de-la-defensoria-del-pueblo-de-la-pcia-para-el-dto-belgrano","status":"publish","type":"post","link":"https:\/\/armstrongyregion.com.ar\/diario\/delegacion-de-la-defensoria-del-pueblo-de-la-pcia-para-el-dto-belgrano\/","title":{"rendered":"Delegaci\u00f3n de la Defensor\u00eda del Pueblo de la Pcia. para el Dto. Belgrano."},"content":{"rendered":"<p><a href=\"http:\/\/armstrongyregion.com.ar\/diario\/wp-content\/uploads\/2018\/03\/Dr.-Gabo-Arzani-.jpg\"><img loading=\"lazy\" decoding=\"async\" src=\"http:\/\/armstrongyregion.com.ar\/diario\/wp-content\/uploads\/2018\/03\/Dr.-Gabo-Arzani-.jpg\" alt=\"Dr. Gabo-Arzani-\" width=\"768\" height=\"433\" class=\"alignnone size-full wp-image-16455\" srcset=\"https:\/\/armstrongyregion.com.ar\/diario\/wp-content\/uploads\/2018\/03\/Dr.-Gabo-Arzani-.jpg 768w, https:\/\/armstrongyregion.com.ar\/diario\/wp-content\/uploads\/2018\/03\/Dr.-Gabo-Arzani--300x169.jpg 300w\" sizes=\"auto, (max-width: 768px) 100vw, 768px\" \/><\/a>Hoy es un d\u00eda hist\u00f3rico para la ciudad de Las Rosas y para el Departamento Belgrano, ya que se dej\u00f3 oficialmente inaugurada con la presencia del Defensor del Pueblo de la Pcia. de Santa Fe Ra\u00fal Lamberto la Delegaci\u00f3n de la Defensor\u00eda del Pueblo de la Pcia. de Santa Fe. En <a href=\"http:\/\/armstrongyregion.com.ar\/diario\/wp-content\/uploads\/2018\/03\/Dr.-Gabo-Arzani-2-.jpg\"><img loading=\"lazy\" decoding=\"async\" src=\"http:\/\/armstrongyregion.com.ar\/diario\/wp-content\/uploads\/2018\/03\/Dr.-Gabo-Arzani-2-.jpg\" alt=\"Dr. Gabo-Arzani-2-\" width=\"768\" height=\"554\" class=\"alignnone size-full wp-image-16456\" srcset=\"https:\/\/armstrongyregion.com.ar\/diario\/wp-content\/uploads\/2018\/03\/Dr.-Gabo-Arzani-2-.jpg 768w, https:\/\/armstrongyregion.com.ar\/diario\/wp-content\/uploads\/2018\/03\/Dr.-Gabo-Arzani-2--300x216.jpg 300w\" sizes=\"auto, (max-width: 768px) 100vw, 768px\" \/><\/a>un acto realizado en la Casa del Senado ubicada en calle Chacabuco 1115 donde funcionar\u00e1 esta Delegaci\u00f3n en la ciudad de Las Rosas se present\u00f3 al Delegado Dr. Gabriel Arzani traslad\u00e1ndonos despu\u00e9s a la ciudad de Las Parejas a la oficina descentralizada de la Unidad fiscal donde funcionar\u00e1 en esta ciudad. La particularidad de esta Delegaci\u00f3n y despu\u00e9s de 27 a\u00f1os de existencia de la Defensoria en nuestra Pcia. es que por primera vez estar\u00e1 en nuestro Departamento y atender\u00e1 en cada uno de los distritos acercando a la gente la posibilidad de consultar sobre temas fundamentales y tan cotidianos como son Educaci\u00f3n, Vivienda, Discriminaci\u00f3n, Violencia, Obras Sociales, Salud, Asistencia a la v\u00edctima, Mediaci\u00f3n, Medio Ambiente, Discapacidad y Defensa del Consumidor.<\/p>\n","protected":false},"excerpt":{"rendered":"<p>Hoy es un d\u00eda hist\u00f3rico para la ciudad de Las Rosas y para el Departamento Belgrano, ya que se dej\u00f3 oficialmente inaugurada con la presencia del Defensor del Pueblo de la Pcia. de Santa Fe Ra\u00fal Lamberto la Delegaci\u00f3n de la Defensor\u00eda del Pueblo de la Pcia. de Santa Fe. En un acto realizado en <a href=\"https:\/\/armstrongyregion.com.ar\/diario\/delegacion-de-la-defensoria-del-pueblo-de-la-pcia-para-el-dto-belgrano\/\" title=\"Read more\" >&#8230;<\/a><\/p>\n","protected":false},"author":1,"featured_media":16455,"comment_status":"open","ping_status":"open","sticky":false,"template":"","format":"standard","meta":{"_jetpack_memberships_contains_paid_content":false,"footnotes":"","jetpack_publicize_message":"","jetpack_publicize_feature_enabled":true,"jetpack_social_post_already_shared":false,"jetpack_social_options":{"image_generator_settings":{"template":"highway","default_image_id":0,"enabled":false},"version":2}},"categories":[8,1,2,7,3],"tags":[6475],"class_list":["post-16454","post","type-post","status-publish","format-standard","has-post-thumbnail","hentry","category-deliberando","category-diario-armstrong","category-locales","category-politica","category-region","tag-delegacion-de-la-defensoria-del-pueblo-de-la-pcia-para-el-dto-belgrano"],"jetpack_publicize_connections":[],"jetpack_featured_media_url":"https:\/\/armstrongyregion.com.ar\/diario\/wp-content\/uploads\/2018\/03\/Dr.-Gabo-Arzani-.jpg","jetpack_shortlink":"https:\/\/wp.me\/p62QDO-4ho","jetpack_sharing_enabled":true,"amp_enabled":true,"_links":{"self":[{"href":"https:\/\/armstrongyregion.com.ar\/diario\/wp-json\/wp\/v2\/posts\/16454","targetHints":{"allow":["GET"]}}],"collection":[{"href":"https:\/\/armstrongyregion.com.ar\/diario\/wp-json\/wp\/v2\/posts"}],"about":[{"href":"https:\/\/armstrongyregion.com.ar\/diario\/wp-json\/wp\/v2\/types\/post"}],"author":[{"embeddable":true,"href":"https:\/\/armstrongyregion.com.ar\/diario\/wp-json\/wp\/v2\/users\/1"}],"replies":[{"embeddable":true,"href":"https:\/\/armstrongyregion.com.ar\/diario\/wp-json\/wp\/v2\/comments?post=16454"}],"version-history":[{"count":0,"href":"https:\/\/armstrongyregion.com.ar\/diario\/wp-json\/wp\/v2\/posts\/16454\/revisions"}],"wp:featuredmedia":[{"embeddable":true,"href":"https:\/\/armstrongyregion.com.ar\/diario\/wp-json\/wp\/v2\/media\/16455"}],"wp:attachment":[{"href":"https:\/\/armstrongyregion.com.ar\/diario\/wp-json\/wp\/v2\/media?parent=16454"}],"wp:term":[{"taxonomy":"category","embeddable":true,"href":"https:\/\/armstrongyregion.com.ar\/diario\/wp-json\/wp\/v2\/categories?post=16454"},{"taxonomy":"post_tag","embeddable":true,"href":"https:\/\/armstrongyregion.com.ar\/diario\/wp-json\/wp\/v2\/tags?post=16454"}],"curies":[{"name":"wp","href":"https:\/\/api.w.org\/{rel}","templated":true}]}}