{"id":16449,"date":"2018-03-09T15:56:14","date_gmt":"2018-03-09T15:56:14","guid":{"rendered":"https:\/\/armstrongyregion.com.ar\/diario\/?p=16449"},"modified":"2018-03-09T15:56:14","modified_gmt":"2018-03-09T15:56:14","slug":"armstrong-el-sabado-habra-corte-de-energia-electrica","status":"publish","type":"post","link":"https:\/\/armstrongyregion.com.ar\/diario\/armstrong-el-sabado-habra-corte-de-energia-electrica\/","title":{"rendered":"Armstrong. El s\u00e1bado habr\u00e1 corte de Energ\u00eda El\u00e9ctrica."},"content":{"rendered":"<p><a href=\"http:\/\/armstrongyregion.com.ar\/diario\/wp-content\/uploads\/2017\/05\/Cooperativa.jpg\"><img loading=\"lazy\" decoding=\"async\" src=\"http:\/\/armstrongyregion.com.ar\/diario\/wp-content\/uploads\/2017\/05\/Cooperativa.jpg\" alt=\"Cooperativa\" width=\"768\" height=\"431\" class=\"alignnone size-full wp-image-13084\" srcset=\"https:\/\/armstrongyregion.com.ar\/diario\/wp-content\/uploads\/2017\/05\/Cooperativa.jpg 768w, https:\/\/armstrongyregion.com.ar\/diario\/wp-content\/uploads\/2017\/05\/Cooperativa-300x168.jpg 300w\" sizes=\"auto, (max-width: 768px) 100vw, 768px\" \/><\/a>La Cooperativa de Obras y Servicios P\u00fablicos  de Armstrong informa  que el pr\u00f3ximo s\u00e1bado 10 de marzo, desde las 14 a 16:30, habr\u00e1 un corte de energ\u00eda en el sector urbano sur y de los transformadores que se encuentran en la zona norte de la ciudad, precisamente en calle La Plata, por reparaciones y mantenimiento preventivo de los mismos.<br \/>\nSe solicita a la poblaci\u00f3n el uso racional del agua, ya que el corte puede afectar este suministro.<\/p>\n","protected":false},"excerpt":{"rendered":"<p>La Cooperativa de Obras y Servicios P\u00fablicos de Armstrong informa que el pr\u00f3ximo s\u00e1bado 10 de marzo, desde las 14 a 16:30, habr\u00e1 un corte de energ\u00eda en el sector urbano sur y de los transformadores que se encuentran en la zona norte de la ciudad, precisamente en calle La Plata, por reparaciones y mantenimiento <a href=\"https:\/\/armstrongyregion.com.ar\/diario\/armstrong-el-sabado-habra-corte-de-energia-electrica\/\" title=\"Read more\" >&#8230;<\/a><\/p>\n","protected":false},"author":1,"featured_media":9614,"comment_status":"open","ping_status":"open","sticky":false,"template":"","format":"standard","meta":{"_jetpack_memberships_contains_paid_content":false,"footnotes":"","jetpack_publicize_message":"","jetpack_publicize_feature_enabled":true,"jetpack_social_post_already_shared":false,"jetpack_social_options":{"image_generator_settings":{"template":"highway","default_image_id":0,"enabled":false},"version":2}},"categories":[6,8,1,2],"tags":[6473],"class_list":["post-16449","post","type-post","status-publish","format-standard","has-post-thumbnail","hentry","category-cultura-entretenimiento","category-deliberando","category-diario-armstrong","category-locales","tag-armstrong-el-sabado-habra-corte-de-energia-electrica"],"jetpack_publicize_connections":[],"jetpack_featured_media_url":"https:\/\/armstrongyregion.com.ar\/diario\/wp-content\/uploads\/2016\/09\/Cooperativa.jpg","jetpack_shortlink":"https:\/\/wp.me\/p62QDO-4hj","jetpack_sharing_enabled":true,"amp_enabled":true,"_links":{"self":[{"href":"https:\/\/armstrongyregion.com.ar\/diario\/wp-json\/wp\/v2\/posts\/16449","targetHints":{"allow":["GET"]}}],"collection":[{"href":"https:\/\/armstrongyregion.com.ar\/diario\/wp-json\/wp\/v2\/posts"}],"about":[{"href":"https:\/\/armstrongyregion.com.ar\/diario\/wp-json\/wp\/v2\/types\/post"}],"author":[{"embeddable":true,"href":"https:\/\/armstrongyregion.com.ar\/diario\/wp-json\/wp\/v2\/users\/1"}],"replies":[{"embeddable":true,"href":"https:\/\/armstrongyregion.com.ar\/diario\/wp-json\/wp\/v2\/comments?post=16449"}],"version-history":[{"count":0,"href":"https:\/\/armstrongyregion.com.ar\/diario\/wp-json\/wp\/v2\/posts\/16449\/revisions"}],"wp:featuredmedia":[{"embeddable":true,"href":"https:\/\/armstrongyregion.com.ar\/diario\/wp-json\/wp\/v2\/media\/9614"}],"wp:attachment":[{"href":"https:\/\/armstrongyregion.com.ar\/diario\/wp-json\/wp\/v2\/media?parent=16449"}],"wp:term":[{"taxonomy":"category","embeddable":true,"href":"https:\/\/armstrongyregion.com.ar\/diario\/wp-json\/wp\/v2\/categories?post=16449"},{"taxonomy":"post_tag","embeddable":true,"href":"https:\/\/armstrongyregion.com.ar\/diario\/wp-json\/wp\/v2\/tags?post=16449"}],"curies":[{"name":"wp","href":"https:\/\/api.w.org\/{rel}","templated":true}]}}