{"id":16377,"date":"2018-03-03T22:38:33","date_gmt":"2018-03-03T22:38:33","guid":{"rendered":"https:\/\/armstrongyregion.com.ar\/diario\/?p=16377"},"modified":"2018-03-03T22:38:33","modified_gmt":"2018-03-03T22:38:33","slug":"rasetto-se-reunio-con-el-ministro-pullaro","status":"publish","type":"post","link":"https:\/\/armstrongyregion.com.ar\/diario\/rasetto-se-reunio-con-el-ministro-pullaro\/","title":{"rendered":"Rasetto se reuni\u00f3 con el ministro Pullaro."},"content":{"rendered":"<p><a href=\"http:\/\/armstrongyregion.com.ar\/diario\/wp-content\/uploads\/2018\/03\/Rasetto-Pullaro-.jpg\"><img loading=\"lazy\" decoding=\"async\" src=\"http:\/\/armstrongyregion.com.ar\/diario\/wp-content\/uploads\/2018\/03\/Rasetto-Pullaro-.jpg\" alt=\"Rasetto-Pullaro-\" width=\"768\" height=\"466\" class=\"alignnone size-full wp-image-16378\" srcset=\"https:\/\/armstrongyregion.com.ar\/diario\/wp-content\/uploads\/2018\/03\/Rasetto-Pullaro-.jpg 768w, https:\/\/armstrongyregion.com.ar\/diario\/wp-content\/uploads\/2018\/03\/Rasetto-Pullaro--300x182.jpg 300w\" sizes=\"auto, (max-width: 768px) 100vw, 768px\" \/><\/a>Ambos abordaron la necesidad de construir m\u00f3dulos de detenci\u00f3n transitoria \u201cen un sector de Ca\u00f1ada de G\u00f3mez que cuente con el consenso mayoritario de vecinos e instituciones\u201d, y analizaron el proyecto para realizar reformas integrales en la Jefatura de la Unidad Regional X de Polic\u00eda.<\/p>\n<p>\u201cLa construcci\u00f3n de m\u00f3dulos de detenci\u00f3n transitoria en Ca\u00f1ada De G\u00f3mez requiere definir un lugar de la ciudad que cuente con el consenso mayoritario de vecinos e instituciones. Seguramente llevaremos el tema al \u00e1mbito de la mesa ejecutiva del Consejo de Seguridad Ciudadana, para elaborar un propuesta conjunta que nos permita avanzar\u201d, expres\u00f3 Rasetto.<\/p>\n<p>Otro de los temas presentes en la reuni\u00f3n realizada en el despacho del titular de la cartera de Seguridad provincial, fue la iniciativa de la Asociaci\u00f3n Cooperadora para refaccionar la Jefatura de la Unidad Regional X de Polic\u00eda. <\/p>\n<p>En este sentido, \u201cPullaro puso a disposici\u00f3n los recursos humanos y materiales del Ministerio para generar un proyecto integral, que contemple todas las reformas necesarias para brindar soluciones duraderas\u201d, seg\u00fan inform\u00f3 el representante del departamento Iriondo.<\/p>\n","protected":false},"excerpt":{"rendered":"<p>Ambos abordaron la necesidad de construir m\u00f3dulos de detenci\u00f3n transitoria \u201cen un sector de Ca\u00f1ada de G\u00f3mez que cuente con el consenso mayoritario de vecinos e instituciones\u201d, y analizaron el proyecto para realizar reformas integrales en la Jefatura de la Unidad Regional X de Polic\u00eda. \u201cLa construcci\u00f3n de m\u00f3dulos de detenci\u00f3n transitoria en Ca\u00f1ada De <a href=\"https:\/\/armstrongyregion.com.ar\/diario\/rasetto-se-reunio-con-el-ministro-pullaro\/\" title=\"Read more\" >&#8230;<\/a><\/p>\n","protected":false},"author":1,"featured_media":16378,"comment_status":"open","ping_status":"open","sticky":false,"template":"","format":"standard","meta":{"_jetpack_memberships_contains_paid_content":false,"footnotes":"","jetpack_publicize_message":"","jetpack_publicize_feature_enabled":true,"jetpack_social_post_already_shared":false,"jetpack_social_options":{"image_generator_settings":{"template":"highway","default_image_id":0,"enabled":false},"version":2}},"categories":[8,1,7,3],"tags":[6454],"class_list":["post-16377","post","type-post","status-publish","format-standard","has-post-thumbnail","hentry","category-deliberando","category-diario-armstrong","category-politica","category-region","tag-rasetto-se-reunio-con-el-ministro-pullaro"],"jetpack_publicize_connections":[],"jetpack_featured_media_url":"https:\/\/armstrongyregion.com.ar\/diario\/wp-content\/uploads\/2018\/03\/Rasetto-Pullaro-.jpg","jetpack_shortlink":"https:\/\/wp.me\/p62QDO-4g9","jetpack_sharing_enabled":true,"amp_enabled":true,"_links":{"self":[{"href":"https:\/\/armstrongyregion.com.ar\/diario\/wp-json\/wp\/v2\/posts\/16377","targetHints":{"allow":["GET"]}}],"collection":[{"href":"https:\/\/armstrongyregion.com.ar\/diario\/wp-json\/wp\/v2\/posts"}],"about":[{"href":"https:\/\/armstrongyregion.com.ar\/diario\/wp-json\/wp\/v2\/types\/post"}],"author":[{"embeddable":true,"href":"https:\/\/armstrongyregion.com.ar\/diario\/wp-json\/wp\/v2\/users\/1"}],"replies":[{"embeddable":true,"href":"https:\/\/armstrongyregion.com.ar\/diario\/wp-json\/wp\/v2\/comments?post=16377"}],"version-history":[{"count":0,"href":"https:\/\/armstrongyregion.com.ar\/diario\/wp-json\/wp\/v2\/posts\/16377\/revisions"}],"wp:featuredmedia":[{"embeddable":true,"href":"https:\/\/armstrongyregion.com.ar\/diario\/wp-json\/wp\/v2\/media\/16378"}],"wp:attachment":[{"href":"https:\/\/armstrongyregion.com.ar\/diario\/wp-json\/wp\/v2\/media?parent=16377"}],"wp:term":[{"taxonomy":"category","embeddable":true,"href":"https:\/\/armstrongyregion.com.ar\/diario\/wp-json\/wp\/v2\/categories?post=16377"},{"taxonomy":"post_tag","embeddable":true,"href":"https:\/\/armstrongyregion.com.ar\/diario\/wp-json\/wp\/v2\/tags?post=16377"}],"curies":[{"name":"wp","href":"https:\/\/api.w.org\/{rel}","templated":true}]}}