{"id":16367,"date":"2018-03-01T23:12:04","date_gmt":"2018-03-01T23:12:04","guid":{"rendered":"https:\/\/armstrongyregion.com.ar\/diario\/?p=16367"},"modified":"2018-03-01T23:12:04","modified_gmt":"2018-03-01T23:12:04","slug":"armstrong-reunion-de-sabores-y-colores-locales","status":"publish","type":"post","link":"https:\/\/armstrongyregion.com.ar\/diario\/armstrong-reunion-de-sabores-y-colores-locales\/","title":{"rendered":"Armstrong.  Reuni\u00f3n de Sabores y Colores Locales."},"content":{"rendered":"<p><a href=\"http:\/\/armstrongyregion.com.ar\/diario\/wp-content\/uploads\/2018\/03\/Feria-colores-.jpg\"><img loading=\"lazy\" decoding=\"async\" src=\"http:\/\/armstrongyregion.com.ar\/diario\/wp-content\/uploads\/2018\/03\/Feria-colores-.jpg\" alt=\"Feria-colores-\" width=\"768\" height=\"508\" class=\"alignnone size-full wp-image-16368\" srcset=\"https:\/\/armstrongyregion.com.ar\/diario\/wp-content\/uploads\/2018\/03\/Feria-colores-.jpg 768w, https:\/\/armstrongyregion.com.ar\/diario\/wp-content\/uploads\/2018\/03\/Feria-colores--300x198.jpg 300w\" sizes=\"auto, (max-width: 768px) 100vw, 768px\" \/><\/a>La Municipalidad de Armstrong a trav\u00e9s de la Secretar\u00eda de Desarrollo Econ\u00f3mico y Productivo invita a todos los integrantes de la Feria Sabores y Colores Locales a la reuni\u00f3n que se realizar\u00e1 el jueves 8 de marzo a las 19 hs. en el sal\u00f3n auditorio Delmo Dar\u00f3, donde se tratar\u00e1n diversos temas referentes a las distintas presentaciones de los feriantes.<br \/>\nAsimismo se convoca a las personas interesadas en sumarse a este grupo de trabajo a acercarse en el horario indicado.<\/p>\n","protected":false},"excerpt":{"rendered":"<p>La Municipalidad de Armstrong a trav\u00e9s de la Secretar\u00eda de Desarrollo Econ\u00f3mico y Productivo invita a todos los integrantes de la Feria Sabores y Colores Locales a la reuni\u00f3n que se realizar\u00e1 el jueves 8 de marzo a las 19 hs. en el sal\u00f3n auditorio Delmo Dar\u00f3, donde se tratar\u00e1n diversos temas referentes a las <a href=\"https:\/\/armstrongyregion.com.ar\/diario\/armstrong-reunion-de-sabores-y-colores-locales\/\" title=\"Read more\" >&#8230;<\/a><\/p>\n","protected":false},"author":1,"featured_media":16368,"comment_status":"open","ping_status":"open","sticky":false,"template":"","format":"standard","meta":{"_jetpack_memberships_contains_paid_content":false,"footnotes":"","jetpack_publicize_message":"","jetpack_publicize_feature_enabled":true,"jetpack_social_post_already_shared":false,"jetpack_social_options":{"image_generator_settings":{"template":"highway","default_image_id":0,"enabled":false},"version":2}},"categories":[6,1,2],"tags":[6451],"class_list":["post-16367","post","type-post","status-publish","format-standard","has-post-thumbnail","hentry","category-cultura-entretenimiento","category-diario-armstrong","category-locales","tag-reunion-de-sabores-y-colores-locales"],"jetpack_publicize_connections":[],"jetpack_featured_media_url":"https:\/\/armstrongyregion.com.ar\/diario\/wp-content\/uploads\/2018\/03\/Feria-colores-.jpg","jetpack_shortlink":"https:\/\/wp.me\/p62QDO-4fZ","jetpack_sharing_enabled":true,"amp_enabled":true,"_links":{"self":[{"href":"https:\/\/armstrongyregion.com.ar\/diario\/wp-json\/wp\/v2\/posts\/16367","targetHints":{"allow":["GET"]}}],"collection":[{"href":"https:\/\/armstrongyregion.com.ar\/diario\/wp-json\/wp\/v2\/posts"}],"about":[{"href":"https:\/\/armstrongyregion.com.ar\/diario\/wp-json\/wp\/v2\/types\/post"}],"author":[{"embeddable":true,"href":"https:\/\/armstrongyregion.com.ar\/diario\/wp-json\/wp\/v2\/users\/1"}],"replies":[{"embeddable":true,"href":"https:\/\/armstrongyregion.com.ar\/diario\/wp-json\/wp\/v2\/comments?post=16367"}],"version-history":[{"count":0,"href":"https:\/\/armstrongyregion.com.ar\/diario\/wp-json\/wp\/v2\/posts\/16367\/revisions"}],"wp:featuredmedia":[{"embeddable":true,"href":"https:\/\/armstrongyregion.com.ar\/diario\/wp-json\/wp\/v2\/media\/16368"}],"wp:attachment":[{"href":"https:\/\/armstrongyregion.com.ar\/diario\/wp-json\/wp\/v2\/media?parent=16367"}],"wp:term":[{"taxonomy":"category","embeddable":true,"href":"https:\/\/armstrongyregion.com.ar\/diario\/wp-json\/wp\/v2\/categories?post=16367"},{"taxonomy":"post_tag","embeddable":true,"href":"https:\/\/armstrongyregion.com.ar\/diario\/wp-json\/wp\/v2\/tags?post=16367"}],"curies":[{"name":"wp","href":"https:\/\/api.w.org\/{rel}","templated":true}]}}