{"id":16311,"date":"2018-02-25T14:20:17","date_gmt":"2018-02-25T14:20:17","guid":{"rendered":"https:\/\/armstrongyregion.com.ar\/diario\/?p=16311"},"modified":"2018-02-25T14:20:17","modified_gmt":"2018-02-25T14:20:17","slug":"se-concreto-charla-sobre-alternativas-de-comercializacion-en-el-sector-agropecuario","status":"publish","type":"post","link":"https:\/\/armstrongyregion.com.ar\/diario\/se-concreto-charla-sobre-alternativas-de-comercializacion-en-el-sector-agropecuario\/","title":{"rendered":"Se concret\u00f3  charla sobre alternativas de comercializaci\u00f3n en el sector agropecuario."},"content":{"rendered":"<p><a href=\"http:\/\/armstrongyregion.com.ar\/diario\/wp-content\/uploads\/2018\/02\/Marcos-Crossetti-.jpg\"><img loading=\"lazy\" decoding=\"async\" src=\"http:\/\/armstrongyregion.com.ar\/diario\/wp-content\/uploads\/2018\/02\/Marcos-Crossetti-.jpg\" alt=\"Marcos-Crossetti-\" width=\"768\" height=\"576\" class=\"alignnone size-full wp-image-16312\" srcset=\"https:\/\/armstrongyregion.com.ar\/diario\/wp-content\/uploads\/2018\/02\/Marcos-Crossetti-.jpg 768w, https:\/\/armstrongyregion.com.ar\/diario\/wp-content\/uploads\/2018\/02\/Marcos-Crossetti--300x225.jpg 300w\" sizes=\"auto, (max-width: 768px) 100vw, 768px\" \/><\/a>En la tarde del jueves 22 de febrero, se concret\u00f3 la charla sobre alternativas de comercializaci\u00f3n para el sector agropecuario.<br \/>\nMarcos Crossetti Gerente Comercial de YPF y Diego Curat Gerente General de Global Tecnos estuvieron dialogando con los medios locales e informaban que el objetivo de esta  charla que es brindar  herramientas a los productores para poder afrentar esta \u00e9poca de sequ\u00eda  y que encuentren instrumentos en la comercializaci\u00f3n de granos con YPF que le da la alternativa al productor de un ahorro en cuanto a la parte impositiva y permite sacar una ventaja en la venta del grano.<br \/>\nCurat expresaba, que la preocupaci\u00f3n por el tema de la sequ\u00eda  es a nivel regional, con la excepci\u00f3n de Chaco y norte del pa\u00eds, depender\u00e1 tambi\u00e9n del momento de siembras  y variedad de cultivo pero sin lugar a dudas se dice que la cosecha de granos este a\u00f1o es menor.<br \/>\nCrossetti remarco el acompa\u00f1amiento y asesoramiento permanente que brinda YPF en la zona e hizo mencion sobre  los interesados  que no pudieron asistir a la charla y requieren de consulta, en Armstrong hay un representante Comercial que es Agust\u00edn Ponzio quien est\u00e1 visitando diariamente a los productores y en Las Rosas esta la casa central sobre el cruce de  Ruta 13 y 65 siempre habr\u00e1 alguien para brindar la informaci\u00f3n necesaria.<\/p>\n","protected":false},"excerpt":{"rendered":"<p>En la tarde del jueves 22 de febrero, se concret\u00f3 la charla sobre alternativas de comercializaci\u00f3n para el sector agropecuario. Marcos Crossetti Gerente Comercial de YPF y Diego Curat Gerente General de Global Tecnos estuvieron dialogando con los medios locales e informaban que el objetivo de esta charla que es brindar herramientas a los productores <a href=\"https:\/\/armstrongyregion.com.ar\/diario\/se-concreto-charla-sobre-alternativas-de-comercializacion-en-el-sector-agropecuario\/\" title=\"Read more\" >&#8230;<\/a><\/p>\n","protected":false},"author":1,"featured_media":16312,"comment_status":"open","ping_status":"open","sticky":false,"template":"","format":"standard","meta":{"_jetpack_memberships_contains_paid_content":false,"footnotes":"","jetpack_publicize_message":"","jetpack_publicize_feature_enabled":true,"jetpack_social_post_already_shared":false,"jetpack_social_options":{"image_generator_settings":{"template":"highway","default_image_id":0,"enabled":false},"version":2}},"categories":[8,1,2,3],"tags":[6436],"class_list":["post-16311","post","type-post","status-publish","format-standard","has-post-thumbnail","hentry","category-deliberando","category-diario-armstrong","category-locales","category-region","tag-se-concreto-charla-sobre-alternativas-de-comercializacion-en-el-sector-agropecuario"],"jetpack_publicize_connections":[],"jetpack_featured_media_url":"https:\/\/armstrongyregion.com.ar\/diario\/wp-content\/uploads\/2018\/02\/Marcos-Crossetti-.jpg","jetpack_shortlink":"https:\/\/wp.me\/p62QDO-4f5","jetpack_sharing_enabled":true,"amp_enabled":true,"_links":{"self":[{"href":"https:\/\/armstrongyregion.com.ar\/diario\/wp-json\/wp\/v2\/posts\/16311","targetHints":{"allow":["GET"]}}],"collection":[{"href":"https:\/\/armstrongyregion.com.ar\/diario\/wp-json\/wp\/v2\/posts"}],"about":[{"href":"https:\/\/armstrongyregion.com.ar\/diario\/wp-json\/wp\/v2\/types\/post"}],"author":[{"embeddable":true,"href":"https:\/\/armstrongyregion.com.ar\/diario\/wp-json\/wp\/v2\/users\/1"}],"replies":[{"embeddable":true,"href":"https:\/\/armstrongyregion.com.ar\/diario\/wp-json\/wp\/v2\/comments?post=16311"}],"version-history":[{"count":0,"href":"https:\/\/armstrongyregion.com.ar\/diario\/wp-json\/wp\/v2\/posts\/16311\/revisions"}],"wp:featuredmedia":[{"embeddable":true,"href":"https:\/\/armstrongyregion.com.ar\/diario\/wp-json\/wp\/v2\/media\/16312"}],"wp:attachment":[{"href":"https:\/\/armstrongyregion.com.ar\/diario\/wp-json\/wp\/v2\/media?parent=16311"}],"wp:term":[{"taxonomy":"category","embeddable":true,"href":"https:\/\/armstrongyregion.com.ar\/diario\/wp-json\/wp\/v2\/categories?post=16311"},{"taxonomy":"post_tag","embeddable":true,"href":"https:\/\/armstrongyregion.com.ar\/diario\/wp-json\/wp\/v2\/tags?post=16311"}],"curies":[{"name":"wp","href":"https:\/\/api.w.org\/{rel}","templated":true}]}}