{"id":16300,"date":"2018-02-23T23:46:32","date_gmt":"2018-02-23T23:46:32","guid":{"rendered":"https:\/\/armstrongyregion.com.ar\/diario\/?p=16300"},"modified":"2018-02-23T23:46:32","modified_gmt":"2018-02-23T23:46:32","slug":"dirigentes-de-renovacion-por-armstrong-se-reunieron-con-referentes-de-cambiemos","status":"publish","type":"post","link":"https:\/\/armstrongyregion.com.ar\/diario\/dirigentes-de-renovacion-por-armstrong-se-reunieron-con-referentes-de-cambiemos\/","title":{"rendered":"Dirigentes de Renovaci\u00f3n por Armstrong se reunieron con referentes de CAMBIEMOS."},"content":{"rendered":"<p><a href=\"http:\/\/armstrongyregion.com.ar\/diario\/wp-content\/uploads\/2018\/02\/gramigna-cambiemos-.jpg\"><img loading=\"lazy\" decoding=\"async\" src=\"http:\/\/armstrongyregion.com.ar\/diario\/wp-content\/uploads\/2018\/02\/gramigna-cambiemos-.jpg\" alt=\"gramigna-cambiemos-\" width=\"960\" height=\"651\" class=\"alignnone size-full wp-image-16301\" srcset=\"https:\/\/armstrongyregion.com.ar\/diario\/wp-content\/uploads\/2018\/02\/gramigna-cambiemos-.jpg 960w, https:\/\/armstrongyregion.com.ar\/diario\/wp-content\/uploads\/2018\/02\/gramigna-cambiemos--300x203.jpg 300w\" sizes=\"auto, (max-width: 960px) 100vw, 960px\" \/><\/a>En la ma\u00f1ana del jueves 22 de febrero, los dirigentes e integrantes del bloque de Renovaci\u00f3n por Armstrong se reunieron con el Intendente de Las Rosas Javier Meyer y la Diputada Gisela Scaglia.<br \/>\n<a href=\"http:\/\/armstrongyregion.com.ar\/diario\/wp-content\/uploads\/2018\/02\/Gramigna-Cambiemos-1-.jpg\"><img loading=\"lazy\" decoding=\"async\" src=\"http:\/\/armstrongyregion.com.ar\/diario\/wp-content\/uploads\/2018\/02\/Gramigna-Cambiemos-1-.jpg\" alt=\"Gramigna-Cambiemos-1-\" width=\"768\" height=\"548\" class=\"alignnone size-full wp-image-16302\" srcset=\"https:\/\/armstrongyregion.com.ar\/diario\/wp-content\/uploads\/2018\/02\/Gramigna-Cambiemos-1-.jpg 768w, https:\/\/armstrongyregion.com.ar\/diario\/wp-content\/uploads\/2018\/02\/Gramigna-Cambiemos-1--300x214.jpg 300w\" sizes=\"auto, (max-width: 768px) 100vw, 768px\" \/><\/a>En esta oportunidad el anfitri\u00f3n concejal Emiliano Gramigna, luego de darles la bienvenida ante los medios locales expreso: \u201cEn esta mesa de trabajo nos hemos reunido para plantear un mont\u00f3n de cuestiones que tenemos en la ciudad e intercambiar con Javier las experiencias que el ha tenido en Las Rosas con el tema residuos, seguridad, el tema h\u00eddrico y conjuntamente con Jes\u00fas Urquia con  quien escuchamos a diario a los vecinos planteando estas tem\u00e1ticas nosotros apuntamos a  buscar canales de soluci\u00f3n en dos personas con una apertura  que se da muy poco en la dirigencia que es muy mezquina y nos abre la puertas a Renovaci\u00f3n por Armstrong  d\u00e1ndonos la oportunidad de acompa\u00f1arnos en la gesti\u00f3n\u201d.<br \/>\nPor su parte el intendente rosense declar\u00f3: \u201cEl motivo de la visita es sencillo, acompa\u00f1ando a la Dip Gisela Scaglia por el Departamento Belgrano, visitando a Emiliano Gramigna quien est\u00e1 asumiendo el compromiso de trabajar en conjunto en el proyecto que se est\u00e1 desarrollando en Las Rosas y a nivel pa\u00eds y generar cambios profundos en la forma de hacer pol\u00edtica. Apuntamos a gente nueva que realmente trae una renovaci\u00f3n, con nuevas pr\u00e1cticas y nuevas figuras ya no hay que reciclar m\u00e1s ni recauchutar como es la costumbre de las viejas pr\u00e1cticas pol\u00edticas.<br \/>\nMeyer continu\u00f3: \u201c El ejemplo que puedo citar es el de Las Rosas que ven\u00eda de 35 a\u00f1os de reciclar personajes pol\u00edticos con resultados altamente negativos y podemos decir que hoy  mi ciudad ha remontado en servicios, obra p\u00fablica, y materia de finanzas si bien estamos lejos de los objetivos de fondo, pero queremos y tratamos de encauzarlos\u201d.<br \/>\nFinalmente la Diputada Gisela Scaglia remarco que ella viene de una comunidad peque\u00f1a pero al igual que en  Armstrong y Las Rosas ya est\u00e1n pasando cosas que antes no. Y en esta reuni\u00f3n abordamos  temas como la seguridad, el narcotr\u00e1fico, infraestructura y obras. El gobierno Nacional pone el ojo donde est\u00e1 la mayor cantidad de problemas y los mismos ata\u00f1en a las ciudades peque\u00f1as tambi\u00e9n. <\/p>\n","protected":false},"excerpt":{"rendered":"<p>En la ma\u00f1ana del jueves 22 de febrero, los dirigentes e integrantes del bloque de Renovaci\u00f3n por Armstrong se reunieron con el Intendente de Las Rosas Javier Meyer y la Diputada Gisela Scaglia. En esta oportunidad el anfitri\u00f3n concejal Emiliano Gramigna, luego de darles la bienvenida ante los medios locales expreso: \u201cEn esta mesa de <a href=\"https:\/\/armstrongyregion.com.ar\/diario\/dirigentes-de-renovacion-por-armstrong-se-reunieron-con-referentes-de-cambiemos\/\" title=\"Read more\" >&#8230;<\/a><\/p>\n","protected":false},"author":1,"featured_media":16301,"comment_status":"open","ping_status":"open","sticky":false,"template":"","format":"standard","meta":{"_jetpack_memberships_contains_paid_content":false,"footnotes":"","jetpack_publicize_message":"","jetpack_publicize_feature_enabled":true,"jetpack_social_post_already_shared":false,"jetpack_social_options":{"image_generator_settings":{"template":"highway","default_image_id":0,"enabled":false},"version":2}},"categories":[8,1,2,7,3],"tags":[6432],"class_list":["post-16300","post","type-post","status-publish","format-standard","has-post-thumbnail","hentry","category-deliberando","category-diario-armstrong","category-locales","category-politica","category-region","tag-dirigentes-de-renovacion-por-armstrong-se-reunieron-con-referentes-de-cambiemos"],"jetpack_publicize_connections":[],"jetpack_featured_media_url":"https:\/\/armstrongyregion.com.ar\/diario\/wp-content\/uploads\/2018\/02\/gramigna-cambiemos-.jpg","jetpack_shortlink":"https:\/\/wp.me\/p62QDO-4eU","jetpack_sharing_enabled":true,"amp_enabled":true,"_links":{"self":[{"href":"https:\/\/armstrongyregion.com.ar\/diario\/wp-json\/wp\/v2\/posts\/16300","targetHints":{"allow":["GET"]}}],"collection":[{"href":"https:\/\/armstrongyregion.com.ar\/diario\/wp-json\/wp\/v2\/posts"}],"about":[{"href":"https:\/\/armstrongyregion.com.ar\/diario\/wp-json\/wp\/v2\/types\/post"}],"author":[{"embeddable":true,"href":"https:\/\/armstrongyregion.com.ar\/diario\/wp-json\/wp\/v2\/users\/1"}],"replies":[{"embeddable":true,"href":"https:\/\/armstrongyregion.com.ar\/diario\/wp-json\/wp\/v2\/comments?post=16300"}],"version-history":[{"count":0,"href":"https:\/\/armstrongyregion.com.ar\/diario\/wp-json\/wp\/v2\/posts\/16300\/revisions"}],"wp:featuredmedia":[{"embeddable":true,"href":"https:\/\/armstrongyregion.com.ar\/diario\/wp-json\/wp\/v2\/media\/16301"}],"wp:attachment":[{"href":"https:\/\/armstrongyregion.com.ar\/diario\/wp-json\/wp\/v2\/media?parent=16300"}],"wp:term":[{"taxonomy":"category","embeddable":true,"href":"https:\/\/armstrongyregion.com.ar\/diario\/wp-json\/wp\/v2\/categories?post=16300"},{"taxonomy":"post_tag","embeddable":true,"href":"https:\/\/armstrongyregion.com.ar\/diario\/wp-json\/wp\/v2\/tags?post=16300"}],"curies":[{"name":"wp","href":"https:\/\/api.w.org\/{rel}","templated":true}]}}