{"id":16297,"date":"2018-02-23T21:34:08","date_gmt":"2018-02-23T21:34:08","guid":{"rendered":"https:\/\/armstrongyregion.com.ar\/diario\/?p=16297"},"modified":"2018-02-23T21:34:08","modified_gmt":"2018-02-23T21:34:08","slug":"rasetto-y-crivelli-por-viviendas-en-canada-de-gomez","status":"publish","type":"post","link":"https:\/\/armstrongyregion.com.ar\/diario\/rasetto-y-crivelli-por-viviendas-en-canada-de-gomez\/","title":{"rendered":"Rasetto y Crivelli por viviendas en Ca\u00f1ada de G\u00f3mez."},"content":{"rendered":"<p><a href=\"http:\/\/armstrongyregion.com.ar\/diario\/wp-content\/uploads\/2018\/02\/Rassetto-Crivelli-.jpg\"><img loading=\"lazy\" decoding=\"async\" src=\"http:\/\/armstrongyregion.com.ar\/diario\/wp-content\/uploads\/2018\/02\/Rassetto-Crivelli-.jpg\" alt=\"Rassetto-Crivelli-\" width=\"768\" height=\"539\" class=\"alignnone size-full wp-image-16298\" srcset=\"https:\/\/armstrongyregion.com.ar\/diario\/wp-content\/uploads\/2018\/02\/Rassetto-Crivelli-.jpg 768w, https:\/\/armstrongyregion.com.ar\/diario\/wp-content\/uploads\/2018\/02\/Rassetto-Crivelli--300x211.jpg 300w\" sizes=\"auto, (max-width: 768px) 100vw, 768px\" \/><\/a>Este viernes por la ma\u00f1ana Hugo Jes\u00fas Rasetto fu\u00e9 recibido por el Director Provincial de Vivienda y Urbanismo de la provincia, Lucas Crivelli, a los fines de analizar la continuidad del expediente y los pasos a seguir para la construcci\u00f3n del barrio de viviendas en la \u00abferia de Peralta\u00bb en Ca\u00f1ada de G\u00f3mez, ya que los terrenos poseen la aptitud hidrica aprobada.<\/p>\n","protected":false},"excerpt":{"rendered":"<p>Este viernes por la ma\u00f1ana Hugo Jes\u00fas Rasetto fu\u00e9 recibido por el Director Provincial de Vivienda y Urbanismo de la provincia, Lucas Crivelli, a los fines de analizar la continuidad del expediente y los pasos a seguir para la construcci\u00f3n del barrio de viviendas en la \u00abferia de Peralta\u00bb en Ca\u00f1ada de G\u00f3mez, ya que <a href=\"https:\/\/armstrongyregion.com.ar\/diario\/rasetto-y-crivelli-por-viviendas-en-canada-de-gomez\/\" title=\"Read more\" >&#8230;<\/a><\/p>\n","protected":false},"author":1,"featured_media":16298,"comment_status":"open","ping_status":"open","sticky":false,"template":"","format":"standard","meta":{"_jetpack_memberships_contains_paid_content":false,"footnotes":"","jetpack_publicize_message":"","jetpack_publicize_feature_enabled":true,"jetpack_social_post_already_shared":false,"jetpack_social_options":{"image_generator_settings":{"template":"highway","default_image_id":0,"enabled":false},"version":2}},"categories":[8,1,7,3],"tags":[6431],"class_list":["post-16297","post","type-post","status-publish","format-standard","has-post-thumbnail","hentry","category-deliberando","category-diario-armstrong","category-politica","category-region","tag-rasetto-y-crivelli-por-viviendas-en-canada-de-gomez"],"jetpack_publicize_connections":[],"jetpack_featured_media_url":"https:\/\/armstrongyregion.com.ar\/diario\/wp-content\/uploads\/2018\/02\/Rassetto-Crivelli-.jpg","jetpack_shortlink":"https:\/\/wp.me\/p62QDO-4eR","jetpack_sharing_enabled":true,"amp_enabled":true,"_links":{"self":[{"href":"https:\/\/armstrongyregion.com.ar\/diario\/wp-json\/wp\/v2\/posts\/16297","targetHints":{"allow":["GET"]}}],"collection":[{"href":"https:\/\/armstrongyregion.com.ar\/diario\/wp-json\/wp\/v2\/posts"}],"about":[{"href":"https:\/\/armstrongyregion.com.ar\/diario\/wp-json\/wp\/v2\/types\/post"}],"author":[{"embeddable":true,"href":"https:\/\/armstrongyregion.com.ar\/diario\/wp-json\/wp\/v2\/users\/1"}],"replies":[{"embeddable":true,"href":"https:\/\/armstrongyregion.com.ar\/diario\/wp-json\/wp\/v2\/comments?post=16297"}],"version-history":[{"count":0,"href":"https:\/\/armstrongyregion.com.ar\/diario\/wp-json\/wp\/v2\/posts\/16297\/revisions"}],"wp:featuredmedia":[{"embeddable":true,"href":"https:\/\/armstrongyregion.com.ar\/diario\/wp-json\/wp\/v2\/media\/16298"}],"wp:attachment":[{"href":"https:\/\/armstrongyregion.com.ar\/diario\/wp-json\/wp\/v2\/media?parent=16297"}],"wp:term":[{"taxonomy":"category","embeddable":true,"href":"https:\/\/armstrongyregion.com.ar\/diario\/wp-json\/wp\/v2\/categories?post=16297"},{"taxonomy":"post_tag","embeddable":true,"href":"https:\/\/armstrongyregion.com.ar\/diario\/wp-json\/wp\/v2\/tags?post=16297"}],"curies":[{"name":"wp","href":"https:\/\/api.w.org\/{rel}","templated":true}]}}