{"id":16294,"date":"2018-02-23T21:17:41","date_gmt":"2018-02-23T21:17:41","guid":{"rendered":"https:\/\/armstrongyregion.com.ar\/diario\/?p=16294"},"modified":"2018-02-23T21:17:41","modified_gmt":"2018-02-23T21:17:41","slug":"desaparecieron-tres-chicos-de-un-hogar-de-infancia-de-carcarana","status":"publish","type":"post","link":"https:\/\/armstrongyregion.com.ar\/diario\/desaparecieron-tres-chicos-de-un-hogar-de-infancia-de-carcarana\/","title":{"rendered":"Desaparecieron tres chicos de un hogar de infancia de Carcara\u00f1\u00e1."},"content":{"rendered":"<p><a href=\"http:\/\/armstrongyregion.com.ar\/diario\/wp-content\/uploads\/2018\/02\/hogar-carcara\u00f1a-.jpg\"><img loading=\"lazy\" decoding=\"async\" src=\"http:\/\/armstrongyregion.com.ar\/diario\/wp-content\/uploads\/2018\/02\/hogar-carcara\u00f1a-.jpg\" alt=\"hogar-carcara\u00f1a-\" width=\"768\" height=\"401\" class=\"alignnone size-full wp-image-16295\" srcset=\"https:\/\/armstrongyregion.com.ar\/diario\/wp-content\/uploads\/2018\/02\/hogar-carcara\u00f1a-.jpg 768w, https:\/\/armstrongyregion.com.ar\/diario\/wp-content\/uploads\/2018\/02\/hogar-carcara\u00f1a--300x157.jpg 300w\" sizes=\"auto, (max-width: 768px) 100vw, 768px\" \/><\/a>Nicol\u00e1s, Benjam\u00edn y Joel habr\u00edan escapado y se presume que estar\u00edan en Rosario. Los buscan desesperadamente.<br \/>\nTres chicos se escaparon de un hogar de menores de Carcara\u00f1\u00e1 y se orden\u00f3 su b\u00fasqueda local y nacional. Hasta el momento, no los encontraron.<\/p>\n<p>Nicol\u00e1s, Benjam\u00edn y Joel desaparecieron hace m\u00e1s de tres d\u00edas del Hogar de Infancia de Carcara\u00f1\u00e1, donde estaban alojados por su condici\u00f3n de vulnerabilidad.<\/p>\n<p>La denuncia fue realizada en Ca\u00f1ada de G\u00f3mez y el fiscal Santiago Tosco tom\u00f3 el caso. Se orden\u00f3 el protocolo de b\u00fasqueda de paradero, local y nacional, y se realizaron rastrillajes en el r\u00edo y en la zona aleda\u00f1a, siendo por ahora el resultado negativo.<\/p>\n<p>Seg\u00fan algunas l\u00edneas investigativas los menores podr\u00edan estar en Rosario, donde tendr\u00edan familiares. La Fiscal\u00eda Regional 2 dispuso una serie de medidas y dispuso la comisi\u00f3n de la PDI Rosario para dar con los menores.<\/p>\n","protected":false},"excerpt":{"rendered":"<p>Nicol\u00e1s, Benjam\u00edn y Joel habr\u00edan escapado y se presume que estar\u00edan en Rosario. Los buscan desesperadamente. Tres chicos se escaparon de un hogar de menores de Carcara\u00f1\u00e1 y se orden\u00f3 su b\u00fasqueda local y nacional. Hasta el momento, no los encontraron. Nicol\u00e1s, Benjam\u00edn y Joel desaparecieron hace m\u00e1s de tres d\u00edas del Hogar de Infancia <a href=\"https:\/\/armstrongyregion.com.ar\/diario\/desaparecieron-tres-chicos-de-un-hogar-de-infancia-de-carcarana\/\" title=\"Read more\" >&#8230;<\/a><\/p>\n","protected":false},"author":1,"featured_media":16295,"comment_status":"open","ping_status":"open","sticky":false,"template":"","format":"standard","meta":{"_jetpack_memberships_contains_paid_content":false,"footnotes":"","jetpack_publicize_message":"","jetpack_publicize_feature_enabled":true,"jetpack_social_post_already_shared":false,"jetpack_social_options":{"image_generator_settings":{"template":"highway","default_image_id":0,"enabled":false},"version":2}},"categories":[1,2852,3],"tags":[354,437,19,6429,394,6430,43,192],"class_list":["post-16294","post","type-post","status-publish","format-standard","has-post-thumbnail","hentry","category-diario-armstrong","category-policiales","category-region","tag-carcarana","tag-chicos","tag-de","tag-desaparecieron","tag-hogar","tag-infancia","tag-tres","tag-un"],"jetpack_publicize_connections":[],"jetpack_featured_media_url":"https:\/\/armstrongyregion.com.ar\/diario\/wp-content\/uploads\/2018\/02\/hogar-carcara\u00f1a-.jpg","jetpack_shortlink":"https:\/\/wp.me\/p62QDO-4eO","jetpack_sharing_enabled":true,"amp_enabled":true,"_links":{"self":[{"href":"https:\/\/armstrongyregion.com.ar\/diario\/wp-json\/wp\/v2\/posts\/16294","targetHints":{"allow":["GET"]}}],"collection":[{"href":"https:\/\/armstrongyregion.com.ar\/diario\/wp-json\/wp\/v2\/posts"}],"about":[{"href":"https:\/\/armstrongyregion.com.ar\/diario\/wp-json\/wp\/v2\/types\/post"}],"author":[{"embeddable":true,"href":"https:\/\/armstrongyregion.com.ar\/diario\/wp-json\/wp\/v2\/users\/1"}],"replies":[{"embeddable":true,"href":"https:\/\/armstrongyregion.com.ar\/diario\/wp-json\/wp\/v2\/comments?post=16294"}],"version-history":[{"count":0,"href":"https:\/\/armstrongyregion.com.ar\/diario\/wp-json\/wp\/v2\/posts\/16294\/revisions"}],"wp:featuredmedia":[{"embeddable":true,"href":"https:\/\/armstrongyregion.com.ar\/diario\/wp-json\/wp\/v2\/media\/16295"}],"wp:attachment":[{"href":"https:\/\/armstrongyregion.com.ar\/diario\/wp-json\/wp\/v2\/media?parent=16294"}],"wp:term":[{"taxonomy":"category","embeddable":true,"href":"https:\/\/armstrongyregion.com.ar\/diario\/wp-json\/wp\/v2\/categories?post=16294"},{"taxonomy":"post_tag","embeddable":true,"href":"https:\/\/armstrongyregion.com.ar\/diario\/wp-json\/wp\/v2\/tags?post=16294"}],"curies":[{"name":"wp","href":"https:\/\/api.w.org\/{rel}","templated":true}]}}