{"id":16291,"date":"2018-02-23T21:01:43","date_gmt":"2018-02-23T21:01:43","guid":{"rendered":"https:\/\/armstrongyregion.com.ar\/diario\/?p=16291"},"modified":"2018-02-23T21:01:43","modified_gmt":"2018-02-23T21:01:43","slug":"hallan-sin-vida-a-conocido-peluquero-de-las-parejas","status":"publish","type":"post","link":"https:\/\/armstrongyregion.com.ar\/diario\/hallan-sin-vida-a-conocido-peluquero-de-las-parejas\/","title":{"rendered":"Hallan sin vida a conocido peluquero de Las Parejas."},"content":{"rendered":"<p><a href=\"http:\/\/armstrongyregion.com.ar\/diario\/wp-content\/uploads\/2018\/02\/policia-las-parejas-.jpg\"><img loading=\"lazy\" decoding=\"async\" src=\"http:\/\/armstrongyregion.com.ar\/diario\/wp-content\/uploads\/2018\/02\/policia-las-parejas-.jpg\" alt=\"policia-las-parejas-\" width=\"768\" height=\"513\" class=\"alignnone size-full wp-image-16292\" srcset=\"https:\/\/armstrongyregion.com.ar\/diario\/wp-content\/uploads\/2018\/02\/policia-las-parejas-.jpg 768w, https:\/\/armstrongyregion.com.ar\/diario\/wp-content\/uploads\/2018\/02\/policia-las-parejas--300x200.jpg 300w\" sizes=\"auto, (max-width: 768px) 100vw, 768px\" \/><\/a>Se trata de Carlos Ledezma, reconocido como Karlos con K. Lo encontraron sin vida en su vivienda, de calle 14 entre 9 y 7, donde ten\u00eda su peluquer\u00eda. Fue cerca de las 15:30 de este viernes. Polic\u00eda local, Polic\u00eda de Investigaciones y el m\u00e9dico forense trabajan en el lugar. La fiscal en turno est\u00e1 en camino para evaluar las causales de fallecimiento. Gran dolor y tristeza se viven en estos momentos.<br \/>\nFuente: Radio Contacto FM 100.9<\/p>\n","protected":false},"excerpt":{"rendered":"<p>Se trata de Carlos Ledezma, reconocido como Karlos con K. Lo encontraron sin vida en su vivienda, de calle 14 entre 9 y 7, donde ten\u00eda su peluquer\u00eda. Fue cerca de las 15:30 de este viernes. Polic\u00eda local, Polic\u00eda de Investigaciones y el m\u00e9dico forense trabajan en el lugar. La fiscal en turno est\u00e1 en <a href=\"https:\/\/armstrongyregion.com.ar\/diario\/hallan-sin-vida-a-conocido-peluquero-de-las-parejas\/\" title=\"Read more\" >&#8230;<\/a><\/p>\n","protected":false},"author":1,"featured_media":16292,"comment_status":"open","ping_status":"open","sticky":false,"template":"","format":"standard","meta":{"_jetpack_memberships_contains_paid_content":false,"footnotes":"","jetpack_publicize_message":"","jetpack_publicize_feature_enabled":true,"jetpack_social_post_already_shared":false,"jetpack_social_options":{"image_generator_settings":{"template":"highway","default_image_id":0,"enabled":false},"version":2}},"categories":[1,2852,3],"tags":[33,6427,19,6426,23,24,6428,378,456],"class_list":["post-16291","post","type-post","status-publish","format-standard","has-post-thumbnail","hentry","category-diario-armstrong","category-policiales","category-region","tag-a","tag-conocido","tag-de","tag-hallan","tag-las","tag-parejas","tag-peluquero","tag-sin","tag-vida"],"jetpack_publicize_connections":[],"jetpack_featured_media_url":"https:\/\/armstrongyregion.com.ar\/diario\/wp-content\/uploads\/2018\/02\/policia-las-parejas-.jpg","jetpack_shortlink":"https:\/\/wp.me\/p62QDO-4eL","jetpack_sharing_enabled":true,"amp_enabled":true,"_links":{"self":[{"href":"https:\/\/armstrongyregion.com.ar\/diario\/wp-json\/wp\/v2\/posts\/16291","targetHints":{"allow":["GET"]}}],"collection":[{"href":"https:\/\/armstrongyregion.com.ar\/diario\/wp-json\/wp\/v2\/posts"}],"about":[{"href":"https:\/\/armstrongyregion.com.ar\/diario\/wp-json\/wp\/v2\/types\/post"}],"author":[{"embeddable":true,"href":"https:\/\/armstrongyregion.com.ar\/diario\/wp-json\/wp\/v2\/users\/1"}],"replies":[{"embeddable":true,"href":"https:\/\/armstrongyregion.com.ar\/diario\/wp-json\/wp\/v2\/comments?post=16291"}],"version-history":[{"count":0,"href":"https:\/\/armstrongyregion.com.ar\/diario\/wp-json\/wp\/v2\/posts\/16291\/revisions"}],"wp:featuredmedia":[{"embeddable":true,"href":"https:\/\/armstrongyregion.com.ar\/diario\/wp-json\/wp\/v2\/media\/16292"}],"wp:attachment":[{"href":"https:\/\/armstrongyregion.com.ar\/diario\/wp-json\/wp\/v2\/media?parent=16291"}],"wp:term":[{"taxonomy":"category","embeddable":true,"href":"https:\/\/armstrongyregion.com.ar\/diario\/wp-json\/wp\/v2\/categories?post=16291"},{"taxonomy":"post_tag","embeddable":true,"href":"https:\/\/armstrongyregion.com.ar\/diario\/wp-json\/wp\/v2\/tags?post=16291"}],"curies":[{"name":"wp","href":"https:\/\/api.w.org\/{rel}","templated":true}]}}